{"id":16618,"date":"2023-01-05T17:13:52","date_gmt":"2023-01-05T16:13:52","guid":{"rendered":"https:\/\/sjbb.fr\/?p=16618"},"modified":"2023-01-05T17:13:53","modified_gmt":"2023-01-05T16:13:53","slug":"messe-oecumenique-pour-la-creation-a-notre-dame-de-la-croix","status":"publish","type":"post","link":"https:\/\/sjbb.fr\/index.php\/2023\/01\/05\/messe-oecumenique-pour-la-creation-a-notre-dame-de-la-croix\/","title":{"rendered":"Messe \u0153cum\u00e9nique pour la Cr\u00e9ation \u00e0 Notre-Dame-de-la-Croix"},"content":{"rendered":"\n<p>&#8211; le 21 janvier, \u00e0 18h, dans l&rsquo;\u00e9glise de Notre-Dame-de-la-Croix sera c\u00e9l\u00e9br\u00e9e une messe \u0153cum\u00e9nique pour la Cr\u00e9ation.<\/p>\n\n\n\n<figure class=\"wp-block-image size-large\"><a href=\"https:\/\/sjbb.fr\/wp-content\/uploads\/2023\/01\/affiche-celebration-oecumenique-scaled.jpg\"><img loading=\"lazy\" decoding=\"async\" width=\"724\" height=\"1024\" src=\"https:\/\/sjbb.fr\/wp-content\/uploads\/2023\/01\/affiche-celebration-oecumenique-724x1024.jpg\" alt=\"\" class=\"wp-image-16619\" srcset=\"https:\/\/sjbb.fr\/wp-content\/uploads\/2023\/01\/affiche-celebration-oecumenique-724x1024.jpg 724w, https:\/\/sjbb.fr\/wp-content\/uploads\/2023\/01\/affiche-celebration-oecumenique-212x300.jpg 212w, https:\/\/sjbb.fr\/wp-content\/uploads\/2023\/01\/affiche-celebration-oecumenique-768x1087.jpg 768w, https:\/\/sjbb.fr\/wp-content\/uploads\/2023\/01\/affiche-celebration-oecumenique-1085x1536.jpg 1085w, https:\/\/sjbb.fr\/wp-content\/uploads\/2023\/01\/affiche-celebration-oecumenique-1447x2048.jpg 1447w, https:\/\/sjbb.fr\/wp-content\/uploads\/2023\/01\/affiche-celebration-oecumenique-900x1274.jpg 900w, https:\/\/sjbb.fr\/wp-content\/uploads\/2023\/01\/affiche-celebration-oecumenique-1280x1811.jpg 1280w, https:\/\/sjbb.fr\/wp-content\/uploads\/2023\/01\/affiche-celebration-oecumenique-17x24.jpg 17w, https:\/\/sjbb.fr\/wp-content\/uploads\/2023\/01\/affiche-celebration-oecumenique-25x36.jpg 25w, https:\/\/sjbb.fr\/wp-content\/uploads\/2023\/01\/affiche-celebration-oecumenique-34x48.jpg 34w, https:\/\/sjbb.fr\/wp-content\/uploads\/2023\/01\/affiche-celebration-oecumenique-scaled.jpg 1809w\" sizes=\"auto, (max-width: 724px) 100vw, 724px\" \/><\/a><\/figure>\n","protected":false},"excerpt":{"rendered":"<p>&#8211; le 21 janvier, \u00e0 18h, dans l&rsquo;\u00e9glise de Notre-Dame-de-la-Croix sera c\u00e9l\u00e9br\u00e9e une messe \u0153cum\u00e9nique pour la Cr\u00e9ation.<\/p>\n","protected":false},"author":11,"featured_media":16620,"comment_status":"closed","ping_status":"closed","sticky":false,"template":"","format":"standard","meta":{"_jetpack_memberships_contains_paid_content":false,"footnotes":""},"categories":[46,35],"tags":[],"class_list":["post-16618","post","type-post","status-publish","format-standard","has-post-thumbnail","hentry","category-2022-2023","category-rencontres"],"jetpack_featured_media_url":"https:\/\/sjbb.fr\/wp-content\/uploads\/2023\/01\/SemaineUniteChretien.jpg","jetpack_sharing_enabled":true,"_links":{"self":[{"href":"https:\/\/sjbb.fr\/index.php\/wp-json\/wp\/v2\/posts\/16618","targetHints":{"allow":["GET"]}}],"collection":[{"href":"https:\/\/sjbb.fr\/index.php\/wp-json\/wp\/v2\/posts"}],"about":[{"href":"https:\/\/sjbb.fr\/index.php\/wp-json\/wp\/v2\/types\/post"}],"author":[{"embeddable":true,"href":"https:\/\/sjbb.fr\/index.php\/wp-json\/wp\/v2\/users\/11"}],"replies":[{"embeddable":true,"href":"https:\/\/sjbb.fr\/index.php\/wp-json\/wp\/v2\/comments?post=16618"}],"version-history":[{"count":1,"href":"https:\/\/sjbb.fr\/index.php\/wp-json\/wp\/v2\/posts\/16618\/revisions"}],"predecessor-version":[{"id":16621,"href":"https:\/\/sjbb.fr\/index.php\/wp-json\/wp\/v2\/posts\/16618\/revisions\/16621"}],"wp:featuredmedia":[{"embeddable":true,"href":"https:\/\/sjbb.fr\/index.php\/wp-json\/wp\/v2\/media\/16620"}],"wp:attachment":[{"href":"https:\/\/sjbb.fr\/index.php\/wp-json\/wp\/v2\/media?parent=16618"}],"wp:term":[{"taxonomy":"category","embeddable":true,"href":"https:\/\/sjbb.fr\/index.php\/wp-json\/wp\/v2\/categories?post=16618"},{"taxonomy":"post_tag","embeddable":true,"href":"https:\/\/sjbb.fr\/index.php\/wp-json\/wp\/v2\/tags?post=16618"}],"curies":[{"name":"wp","href":"https:\/\/api.w.org\/{rel}","templated":true}]}}