{"id":16635,"date":"2023-01-15T13:06:37","date_gmt":"2023-01-15T12:06:37","guid":{"rendered":"https:\/\/sjbb.fr\/?p=16635"},"modified":"2023-01-15T13:07:09","modified_gmt":"2023-01-15T12:07:09","slug":"veillee-de-priere-oecumenique-pour-la-paix-en-ukraine","status":"publish","type":"post","link":"https:\/\/sjbb.fr\/index.php\/2023\/01\/15\/veillee-de-priere-oecumenique-pour-la-paix-en-ukraine\/","title":{"rendered":"VEILL\u00c9E DE PRI\u00c8RE OECUM\u00c9NIQUE POUR LA PAIX EN UKRAINE"},"content":{"rendered":"\n<p>Organis\u00e9e par l\u2019\u00c9glise autoc\u00e9phale orthodoxe ukrainienne Saint-Simon, la Cath\u00e9drale gr\u00e9co-catholique ukrainienne Saint-Volodymyr-le-Grand, l\u2019\u00c9glise protestante unie de Belleville, l\u2019\u00c9glise luth\u00e9rienne Saint-Pierre, l\u2019\u00c9glise catholique Saint-Jean Baptiste de Belleville.<\/p>\n\n\n\n<h2 class=\"wp-block-heading\">Lundi 23 janvier 2023 \u00e0 20h<\/h2>\n\n\n\n<p>\u00e0 l\u2019\u00e9glise Saint Jean Baptiste de Belleville<\/p>\n\n\n\n<figure class=\"wp-block-image size-large\"><a href=\"https:\/\/sjbb.fr\/wp-content\/uploads\/2023\/01\/Affiche-Veillee-de-priere-Paix-en-Ukraine-2023-scaled.jpg\"><img loading=\"lazy\" decoding=\"async\" width=\"724\" height=\"1024\" src=\"https:\/\/sjbb.fr\/wp-content\/uploads\/2023\/01\/Affiche-Veillee-de-priere-Paix-en-Ukraine-2023-724x1024.jpg\" alt=\"\" class=\"wp-image-16637\" srcset=\"https:\/\/sjbb.fr\/wp-content\/uploads\/2023\/01\/Affiche-Veillee-de-priere-Paix-en-Ukraine-2023-724x1024.jpg 724w, https:\/\/sjbb.fr\/wp-content\/uploads\/2023\/01\/Affiche-Veillee-de-priere-Paix-en-Ukraine-2023-212x300.jpg 212w, https:\/\/sjbb.fr\/wp-content\/uploads\/2023\/01\/Affiche-Veillee-de-priere-Paix-en-Ukraine-2023-768x1086.jpg 768w, https:\/\/sjbb.fr\/wp-content\/uploads\/2023\/01\/Affiche-Veillee-de-priere-Paix-en-Ukraine-2023-1086x1536.jpg 1086w, https:\/\/sjbb.fr\/wp-content\/uploads\/2023\/01\/Affiche-Veillee-de-priere-Paix-en-Ukraine-2023-1448x2048.jpg 1448w, https:\/\/sjbb.fr\/wp-content\/uploads\/2023\/01\/Affiche-Veillee-de-priere-Paix-en-Ukraine-2023-900x1273.jpg 900w, https:\/\/sjbb.fr\/wp-content\/uploads\/2023\/01\/Affiche-Veillee-de-priere-Paix-en-Ukraine-2023-1280x1811.jpg 1280w, https:\/\/sjbb.fr\/wp-content\/uploads\/2023\/01\/Affiche-Veillee-de-priere-Paix-en-Ukraine-2023-17x24.jpg 17w, https:\/\/sjbb.fr\/wp-content\/uploads\/2023\/01\/Affiche-Veillee-de-priere-Paix-en-Ukraine-2023-25x36.jpg 25w, https:\/\/sjbb.fr\/wp-content\/uploads\/2023\/01\/Affiche-Veillee-de-priere-Paix-en-Ukraine-2023-34x48.jpg 34w, https:\/\/sjbb.fr\/wp-content\/uploads\/2023\/01\/Affiche-Veillee-de-priere-Paix-en-Ukraine-2023-scaled.jpg 1810w\" sizes=\"auto, (max-width: 724px) 100vw, 724px\" \/><\/a><\/figure>\n","protected":false},"excerpt":{"rendered":"<p>Lundi 23 janvier 2023 \u00e0 20h<\/p>\n<p>\u00e0 l\u2019\u00e9glise Saint Jean Baptiste de Belleville<\/p>\n","protected":false},"author":11,"featured_media":16636,"comment_status":"closed","ping_status":"closed","sticky":false,"template":"","format":"standard","meta":{"_jetpack_memberships_contains_paid_content":false,"footnotes":""},"categories":[46,44],"tags":[],"class_list":["post-16635","post","type-post","status-publish","format-standard","has-post-thumbnail","hentry","category-2022-2023","category-prieres"],"jetpack_featured_media_url":"https:\/\/sjbb.fr\/wp-content\/uploads\/2023\/01\/OecumeniqueUkraine.jpg","jetpack_sharing_enabled":true,"_links":{"self":[{"href":"https:\/\/sjbb.fr\/index.php\/wp-json\/wp\/v2\/posts\/16635","targetHints":{"allow":["GET"]}}],"collection":[{"href":"https:\/\/sjbb.fr\/index.php\/wp-json\/wp\/v2\/posts"}],"about":[{"href":"https:\/\/sjbb.fr\/index.php\/wp-json\/wp\/v2\/types\/post"}],"author":[{"embeddable":true,"href":"https:\/\/sjbb.fr\/index.php\/wp-json\/wp\/v2\/users\/11"}],"replies":[{"embeddable":true,"href":"https:\/\/sjbb.fr\/index.php\/wp-json\/wp\/v2\/comments?post=16635"}],"version-history":[{"count":2,"href":"https:\/\/sjbb.fr\/index.php\/wp-json\/wp\/v2\/posts\/16635\/revisions"}],"predecessor-version":[{"id":16639,"href":"https:\/\/sjbb.fr\/index.php\/wp-json\/wp\/v2\/posts\/16635\/revisions\/16639"}],"wp:featuredmedia":[{"embeddable":true,"href":"https:\/\/sjbb.fr\/index.php\/wp-json\/wp\/v2\/media\/16636"}],"wp:attachment":[{"href":"https:\/\/sjbb.fr\/index.php\/wp-json\/wp\/v2\/media?parent=16635"}],"wp:term":[{"taxonomy":"category","embeddable":true,"href":"https:\/\/sjbb.fr\/index.php\/wp-json\/wp\/v2\/categories?post=16635"},{"taxonomy":"post_tag","embeddable":true,"href":"https:\/\/sjbb.fr\/index.php\/wp-json\/wp\/v2\/tags?post=16635"}],"curies":[{"name":"wp","href":"https:\/\/api.w.org\/{rel}","templated":true}]}}