{"id":17473,"date":"2023-11-06T08:13:52","date_gmt":"2023-11-06T07:13:52","guid":{"rendered":"https:\/\/sjbb.fr\/?p=17473"},"modified":"2023-11-06T08:13:54","modified_gmt":"2023-11-06T07:13:54","slug":"pelerinage-a-assise","status":"publish","type":"post","link":"https:\/\/sjbb.fr\/index.php\/2023\/11\/06\/pelerinage-a-assise\/","title":{"rendered":"P\u00e8lerinage \u00e0 Assise"},"content":{"rendered":"\n<p><strong>P\u00e8lerinage \u00e0 Assise de la paroisse Saint Jean-Baptiste de Belleville<\/strong> <br><strong>En chemin avec Saint Fran\u00e7ois et ses compagnons<\/strong><\/p>\n\n\n\n<p><strong>Du lundi 12 f\u00e9vrier au vendredi 16 f\u00e9vrier 2024<\/strong><\/p>\n\n\n\n<h2 class=\"wp-block-heading\"><strong>Vous h\u00e9sitez \u00e0 vous inscrire pour le p\u00e8lerinage \u00e0 Assise&nbsp;?<\/strong><\/h2>\n\n\n\n<p><strong>Venez le dimanche 19 novembre 2023 \u00e0 17h \u00e0 la r\u00e9union d\u2019information dans l\u2019\u00e9glise.<\/strong> Une belle occasion de faire connaissance avec la vie de &nbsp;St Fran\u00e7ois et le programme du p\u00e8lerinage .<strong><\/strong><\/p>\n\n\n\n<p><strong>Renseignements et inscriptions : <\/strong><a rel=\"noreferrer noopener\" href=\"mailto:paroissesjbb@gmail.com\" target=\"_blank\">paroissesjbb@gmail.com<\/a> ou 01.42.05.54.54<\/p>\n\n\n\n<p>Prix : 800\u20ac pour le p\u00e8lerinage paroissial &#8211; Prix : 700 pour le TREK (jeunes pros et \u00e9tudiants). <strong>Si difficult\u00e9, en parler au P. Christian<\/strong><\/p>\n\n\n\n<p>Des flyers d\u2019inscription sont \u00e0 votre disposition \u00e0 l\u2019accueil.<\/p>\n\n\n\n<figure class=\"wp-block-image size-large\"><a href=\"https:\/\/sjbb.fr\/wp-content\/uploads\/2023\/11\/Pelerinage-Assise.jpg\"><img loading=\"lazy\" decoding=\"async\" width=\"1024\" height=\"1024\" src=\"https:\/\/sjbb.fr\/wp-content\/uploads\/2023\/11\/Pelerinage-Assise-1024x1024.jpg\" alt=\"\" class=\"wp-image-17474\" srcset=\"https:\/\/sjbb.fr\/wp-content\/uploads\/2023\/11\/Pelerinage-Assise-1024x1024.jpg 1024w, https:\/\/sjbb.fr\/wp-content\/uploads\/2023\/11\/Pelerinage-Assise-300x300.jpg 300w, https:\/\/sjbb.fr\/wp-content\/uploads\/2023\/11\/Pelerinage-Assise-150x150.jpg 150w, https:\/\/sjbb.fr\/wp-content\/uploads\/2023\/11\/Pelerinage-Assise-768x768.jpg 768w, https:\/\/sjbb.fr\/wp-content\/uploads\/2023\/11\/Pelerinage-Assise-144x144.jpg 144w, https:\/\/sjbb.fr\/wp-content\/uploads\/2023\/11\/Pelerinage-Assise-88x88.jpg 88w, https:\/\/sjbb.fr\/wp-content\/uploads\/2023\/11\/Pelerinage-Assise-900x900.jpg 900w, https:\/\/sjbb.fr\/wp-content\/uploads\/2023\/11\/Pelerinage-Assise-24x24.jpg 24w, https:\/\/sjbb.fr\/wp-content\/uploads\/2023\/11\/Pelerinage-Assise-36x36.jpg 36w, https:\/\/sjbb.fr\/wp-content\/uploads\/2023\/11\/Pelerinage-Assise-48x48.jpg 48w, https:\/\/sjbb.fr\/wp-content\/uploads\/2023\/11\/Pelerinage-Assise.jpg 1080w\" sizes=\"auto, (max-width: 1024px) 100vw, 1024px\" \/><\/a><\/figure>\n","protected":false},"excerpt":{"rendered":"<p>P\u00e8lerinage \u00e0 Assise de la paroisse Saint Jean-Baptiste de Belleville En chemin avec Saint Fran\u00e7ois et ses compagnons Du lundi 12 f\u00e9vrier au vendredi 16 f\u00e9vrier 2024 Vous h\u00e9sitez \u00e0 vous inscrire pour le p\u00e8lerinage \u00e0 Assise&nbsp;? Venez le dimanche 19 novembre 2023 \u00e0 17h \u00e0 la r\u00e9union d\u2019information dans l\u2019\u00e9glise. Une belle occasion de [&hellip;]<\/p>\n","protected":false},"author":1,"featured_media":17475,"comment_status":"closed","ping_status":"closed","sticky":false,"template":"","format":"standard","meta":{"_jetpack_memberships_contains_paid_content":false,"footnotes":""},"categories":[52,44,35],"tags":[],"class_list":["post-17473","post","type-post","status-publish","format-standard","has-post-thumbnail","hentry","category-2023-2024","category-prieres","category-rencontres"],"jetpack_featured_media_url":"https:\/\/sjbb.fr\/wp-content\/uploads\/2023\/11\/PelerinageAssiseEntete.jpg","jetpack_sharing_enabled":true,"_links":{"self":[{"href":"https:\/\/sjbb.fr\/index.php\/wp-json\/wp\/v2\/posts\/17473","targetHints":{"allow":["GET"]}}],"collection":[{"href":"https:\/\/sjbb.fr\/index.php\/wp-json\/wp\/v2\/posts"}],"about":[{"href":"https:\/\/sjbb.fr\/index.php\/wp-json\/wp\/v2\/types\/post"}],"author":[{"embeddable":true,"href":"https:\/\/sjbb.fr\/index.php\/wp-json\/wp\/v2\/users\/1"}],"replies":[{"embeddable":true,"href":"https:\/\/sjbb.fr\/index.php\/wp-json\/wp\/v2\/comments?post=17473"}],"version-history":[{"count":1,"href":"https:\/\/sjbb.fr\/index.php\/wp-json\/wp\/v2\/posts\/17473\/revisions"}],"predecessor-version":[{"id":17476,"href":"https:\/\/sjbb.fr\/index.php\/wp-json\/wp\/v2\/posts\/17473\/revisions\/17476"}],"wp:featuredmedia":[{"embeddable":true,"href":"https:\/\/sjbb.fr\/index.php\/wp-json\/wp\/v2\/media\/17475"}],"wp:attachment":[{"href":"https:\/\/sjbb.fr\/index.php\/wp-json\/wp\/v2\/media?parent=17473"}],"wp:term":[{"taxonomy":"category","embeddable":true,"href":"https:\/\/sjbb.fr\/index.php\/wp-json\/wp\/v2\/categories?post=17473"},{"taxonomy":"post_tag","embeddable":true,"href":"https:\/\/sjbb.fr\/index.php\/wp-json\/wp\/v2\/tags?post=17473"}],"curies":[{"name":"wp","href":"https:\/\/api.w.org\/{rel}","templated":true}]}}