{"id":18562,"date":"2025-04-15T13:30:37","date_gmt":"2025-04-15T12:30:37","guid":{"rendered":"https:\/\/sjbb.fr\/?p=18562"},"modified":"2025-04-15T13:30:38","modified_gmt":"2025-04-15T12:30:38","slug":"vers-la-lumiere-de-paques","status":"publish","type":"post","link":"https:\/\/sjbb.fr\/index.php\/2025\/04\/15\/vers-la-lumiere-de-paques\/","title":{"rendered":"Vers la lumi\u00e8re de P\u00e2ques"},"content":{"rendered":"\n<p class=\"has-normal-font-size\">La c\u00e9l\u00e9bration des Rameaux comm\u00e9more l\u2019entr\u00e9e triomphale de J\u00e9sus \u00e0 J\u00e9rusalem&nbsp;\u00bb \u2026 A mesure qu\u2019il avan\u00e7ait les gens \u00e9tendaient leurs v\u00eatements sue le chemin\u2026&nbsp;\u00bb (Lc 19,16)&nbsp;; la foule agite des branches de palmier en signe d\u2019honneur et de respect \u00ab&nbsp; \u2026 les gens criaient&nbsp;: \u00ab&nbsp; Hosanna&nbsp;!&nbsp;\u00bb B\u00e9ni soit celui qui vient au nom du Seigneur&nbsp;\u00bb. (Jn12,13)<\/p>\n\n\n\n<p>Les branches des rameaux sont des symboles de paix et de renouveau, nous rappelant la victoire de J\u00e9sus Christ sur la mort , sa promesse de vie \u00e9ternelle. Cette f\u00eate nous pr\u00e9pare au vendredi Saint&nbsp;; \u00e0 la Passion du Christ et \u00e0 la c\u00e9l\u00e9bration de sa r\u00e9surrection.<\/p>\n\n\n\n<p>C\u2019est une p\u00e9riode centrale dans le calendrier liturgique. Les rameaux selon les lieux sont b\u00e9nis avant la procession des fid\u00e8les ou au d\u00e9but de la messe. La procession des rameaux, traditionnellement des branches de buis remonte au VI\u00e8me si\u00e8cle en orient, et au VII\u00e8me si\u00e8cle en Occident. Officiellement cette tradition remonte au IX\u00e8me si\u00e8cle lorsque l\u2019Eglise int\u00e9gra la b\u00e9n\u00e9diction des rameaux dans la liturgie. Elle symbolise la reconnaissance de J\u00e9sus comme Messie. Les rameaux de l\u2019ann\u00e9e pr\u00e9c\u00e9dente sont br\u00fbl\u00e9s \u00e0 l\u2019occasion du Mercredi des Cendres, premier jour du Car\u00eame.<\/p>\n\n\n\n<p>C\u2019est aussi une tradition, une pratique de pi\u00e9t\u00e9 de d\u00e9poser des rameaux b\u00e9nis sur les tombes des proches en souvenirs des d\u00e9funts, affirmant la croyance en la vie \u00e9ternelle.<\/p>\n\n\n\n<p>La b\u00e9n\u00e9diction des rameaux invoque \u00e9galement la protection divine sur ceux qui la re\u00e7oivent et leurs foyers&nbsp;; ils symbolisent la pr\u00e9sence de Dieu dans leur vie quotidienne<\/p>\n\n\n\n<p>La c\u00e9l\u00e9bration des Rameaux nous invite \u00e0 m\u00e9diter sur le sacrifice de J\u00e9sus Christ et \u00e0 son amour divin pour chacun de nous.<\/p>\n\n\n\n<p class=\"has-text-align-right\"><strong><em>Danielle<\/em><\/strong><\/p>\n","protected":false},"excerpt":{"rendered":"<p>&#8230;Les branches des rameaux sont des symboles de paix et de renouveau, nous rappelant la victoire de J\u00e9sus Christ sur la mort , sa promesse de vie \u00e9ternelle. ..<\/p>\n","protected":false},"author":11,"featured_media":18563,"comment_status":"closed","ping_status":"closed","sticky":false,"template":"","format":"standard","meta":{"_jetpack_memberships_contains_paid_content":false,"footnotes":""},"categories":[54,7],"tags":[],"class_list":["post-18562","post","type-post","status-publish","format-standard","has-post-thumbnail","hentry","category-2024-2025","category-regard-de-l-autre"],"jetpack_featured_media_url":"https:\/\/sjbb.fr\/wp-content\/uploads\/2025\/04\/Lumiere-de-paques.jpg","jetpack_sharing_enabled":true,"_links":{"self":[{"href":"https:\/\/sjbb.fr\/index.php\/wp-json\/wp\/v2\/posts\/18562","targetHints":{"allow":["GET"]}}],"collection":[{"href":"https:\/\/sjbb.fr\/index.php\/wp-json\/wp\/v2\/posts"}],"about":[{"href":"https:\/\/sjbb.fr\/index.php\/wp-json\/wp\/v2\/types\/post"}],"author":[{"embeddable":true,"href":"https:\/\/sjbb.fr\/index.php\/wp-json\/wp\/v2\/users\/11"}],"replies":[{"embeddable":true,"href":"https:\/\/sjbb.fr\/index.php\/wp-json\/wp\/v2\/comments?post=18562"}],"version-history":[{"count":1,"href":"https:\/\/sjbb.fr\/index.php\/wp-json\/wp\/v2\/posts\/18562\/revisions"}],"predecessor-version":[{"id":18564,"href":"https:\/\/sjbb.fr\/index.php\/wp-json\/wp\/v2\/posts\/18562\/revisions\/18564"}],"wp:featuredmedia":[{"embeddable":true,"href":"https:\/\/sjbb.fr\/index.php\/wp-json\/wp\/v2\/media\/18563"}],"wp:attachment":[{"href":"https:\/\/sjbb.fr\/index.php\/wp-json\/wp\/v2\/media?parent=18562"}],"wp:term":[{"taxonomy":"category","embeddable":true,"href":"https:\/\/sjbb.fr\/index.php\/wp-json\/wp\/v2\/categories?post=18562"},{"taxonomy":"post_tag","embeddable":true,"href":"https:\/\/sjbb.fr\/index.php\/wp-json\/wp\/v2\/tags?post=18562"}],"curies":[{"name":"wp","href":"https:\/\/api.w.org\/{rel}","templated":true}]}}