{"id":18621,"date":"2025-05-16T10:08:27","date_gmt":"2025-05-16T09:08:27","guid":{"rendered":"https:\/\/sjbb.fr\/?p=18621"},"modified":"2025-05-25T13:33:44","modified_gmt":"2025-05-25T12:33:44","slug":"conference-soeur-anne-lecu","status":"publish","type":"post","link":"https:\/\/sjbb.fr\/index.php\/2025\/05\/16\/conference-soeur-anne-lecu\/","title":{"rendered":"Conf\u00e9rence S\u0153ur Anne L\u00e9cu"},"content":{"rendered":"\n<h2 class=\"wp-block-heading\">Dimanche 18 Mai \u00e0 16h30<\/h2>\n\n\n\n<p>Religieuse dominicaine, auteur de plusieurs livres de spiritualit\u00e9, dont r\u00e9cemment, \u00e0 partir du proph\u00e8te Elie, \u00ab Le Seigneur n\u2019\u00e9tait pas dans le feu \u00bb (Cerf), s\u0153ur Anne L\u00e9cu exerce la m\u00e9decine dans une maison d\u2019arr\u00eat d\u2019Ile-de-France depuis 1997.<br>Dans le cadre des conf\u00e9rences de notre paroisse, Saint-Jean-Baptiste de Belleville (Paris 19, m\u00e9tro Jourdain), elle nous emm\u00e8ne le dimanche 18 mai \u00e0 16h30 sur les chemins de l\u2019Esp\u00e9rance, th\u00e8me de l\u2019ann\u00e9e jubilaire : \u00ab De quoi l\u2019esp\u00e9rance chr\u00e9tienne est-elle le nom ? Certainement pas du fait que \u00a0\u00bb\u00e7a ira mieux demain\u00a0\u00bb, car elle na\u00eet dans la nuit, au pied de la croix, devant un tombeau o\u00f9 repose le corps du Seigneur. Aussi est-ce peut-\u00eatre du c\u00f4t\u00e9 de la nuit, de la non-\u00e9vidence, du murmure, qu\u2019il faut en chercher la trace \u00bb<\/p>\n\n\n\n<figure class=\"wp-block-image size-large\"><a href=\"https:\/\/sjbb.fr\/wp-content\/uploads\/2025\/05\/Conference-sr-Anne-Lecu-18-mai-2025.jpg\"><img loading=\"lazy\" decoding=\"async\" width=\"724\" height=\"1024\" src=\"https:\/\/sjbb.fr\/wp-content\/uploads\/2025\/05\/Conference-sr-Anne-Lecu-18-mai-2025-724x1024.jpg\" alt=\"\" class=\"wp-image-18622\" srcset=\"https:\/\/sjbb.fr\/wp-content\/uploads\/2025\/05\/Conference-sr-Anne-Lecu-18-mai-2025-724x1024.jpg 724w, https:\/\/sjbb.fr\/wp-content\/uploads\/2025\/05\/Conference-sr-Anne-Lecu-18-mai-2025-212x300.jpg 212w, https:\/\/sjbb.fr\/wp-content\/uploads\/2025\/05\/Conference-sr-Anne-Lecu-18-mai-2025-768x1086.jpg 768w, https:\/\/sjbb.fr\/wp-content\/uploads\/2025\/05\/Conference-sr-Anne-Lecu-18-mai-2025-1086x1536.jpg 1086w, https:\/\/sjbb.fr\/wp-content\/uploads\/2025\/05\/Conference-sr-Anne-Lecu-18-mai-2025-900x1273.jpg 900w, https:\/\/sjbb.fr\/wp-content\/uploads\/2025\/05\/Conference-sr-Anne-Lecu-18-mai-2025-1280x1810.jpg 1280w, https:\/\/sjbb.fr\/wp-content\/uploads\/2025\/05\/Conference-sr-Anne-Lecu-18-mai-2025-17x24.jpg 17w, https:\/\/sjbb.fr\/wp-content\/uploads\/2025\/05\/Conference-sr-Anne-Lecu-18-mai-2025-25x36.jpg 25w, https:\/\/sjbb.fr\/wp-content\/uploads\/2025\/05\/Conference-sr-Anne-Lecu-18-mai-2025-34x48.jpg 34w, https:\/\/sjbb.fr\/wp-content\/uploads\/2025\/05\/Conference-sr-Anne-Lecu-18-mai-2025.jpg 1414w\" sizes=\"auto, (max-width: 724px) 100vw, 724px\" \/><\/a><\/figure>\n\n\n\n<p>Qu\u2019est-ce qu\u2019un \u00ab homme de Dieu \u00bb ? Qui est \u00c9lie, le proph\u00e8te adversaire des proph\u00e8tes de m\u00e9tier ? Pourquoi l\u2019\u00c9ternel lui donne-t-il pour mission de renverser les idoles qui ravagent son temps et hantent notre quotidien ? Comment le cherche-t-il dans le feu, la temp\u00eate, le tremblement de terre, mais en vain ? Et comment le trouve-t-il aux confins du silence ?<br>Il fallait Anne L\u00e9cu pour nous restituer, vivant, ce pr\u00e9dicateur z\u00e9l\u00e9 de l\u2019unique vrai Dieu et nous faire les compagnons, v\u00e9cus, de son p\u00e9riple o\u00f9 il r\u00e9capitule chaque \u00e9tape fondamentale et chaque \u00e9pisode crucial de la R\u00e9v\u00e9lation biblique. Passeur entre le Sina\u00ef de Mo\u00efse et le Thabor de J\u00e9sus, le veilleur solitaire de l\u2019Horeb et du Carmel ne va cesser d\u2019inspirer toute vocation \u00e0 cheminer avec le Tr\u00e8s-Haut. Et les le\u00e7ons de sa ferveur contemplative, de se transmettre \u00e0 nous dans la discr\u00e9tion du silence.<\/p>\n\n\n\n<p>Si ce livre apporte des cl\u00e9s historiques, ex\u00e9g\u00e9tiques, patristiques qui font de nous les contemporains d\u2019\u00c9lie, il ne compose pas moins une cantate mystique par les fulgurances po\u00e9tiques qu\u2019il offre. Un texte-\u00e9v\u00e9nement !<\/p>\n","protected":false},"excerpt":{"rendered":"<p>Dimanche 18 Mai \u00e0 16h30 Religieuse dominicaine, auteur de plusieurs livres de spiritualit\u00e9, dont r\u00e9cemment, \u00e0 partir du proph\u00e8te Elie, \u00ab Le Seigneur n\u2019\u00e9tait pas dans le feu \u00bb (Cerf), s\u0153ur Anne L\u00e9cu exerce la m\u00e9decine dans une maison d\u2019arr\u00eat d\u2019Ile-de-France depuis 1997.Dans le cadre des conf\u00e9rences de notre paroisse, Saint-Jean-Baptiste de Belleville (Paris 19, [&hellip;]<\/p>\n","protected":false},"author":14,"featured_media":18632,"comment_status":"closed","ping_status":"closed","sticky":false,"template":"","format":"standard","meta":{"_jetpack_memberships_contains_paid_content":false,"footnotes":""},"categories":[54,55,35],"tags":[],"class_list":["post-18621","post","type-post","status-publish","format-standard","has-post-thumbnail","hentry","category-2024-2025","category-conferences","category-rencontres"],"jetpack_featured_media_url":"https:\/\/sjbb.fr\/wp-content\/uploads\/2025\/05\/anne_lecu_3.jpg","jetpack_sharing_enabled":true,"_links":{"self":[{"href":"https:\/\/sjbb.fr\/index.php\/wp-json\/wp\/v2\/posts\/18621","targetHints":{"allow":["GET"]}}],"collection":[{"href":"https:\/\/sjbb.fr\/index.php\/wp-json\/wp\/v2\/posts"}],"about":[{"href":"https:\/\/sjbb.fr\/index.php\/wp-json\/wp\/v2\/types\/post"}],"author":[{"embeddable":true,"href":"https:\/\/sjbb.fr\/index.php\/wp-json\/wp\/v2\/users\/14"}],"replies":[{"embeddable":true,"href":"https:\/\/sjbb.fr\/index.php\/wp-json\/wp\/v2\/comments?post=18621"}],"version-history":[{"count":3,"href":"https:\/\/sjbb.fr\/index.php\/wp-json\/wp\/v2\/posts\/18621\/revisions"}],"predecessor-version":[{"id":18633,"href":"https:\/\/sjbb.fr\/index.php\/wp-json\/wp\/v2\/posts\/18621\/revisions\/18633"}],"wp:featuredmedia":[{"embeddable":true,"href":"https:\/\/sjbb.fr\/index.php\/wp-json\/wp\/v2\/media\/18632"}],"wp:attachment":[{"href":"https:\/\/sjbb.fr\/index.php\/wp-json\/wp\/v2\/media?parent=18621"}],"wp:term":[{"taxonomy":"category","embeddable":true,"href":"https:\/\/sjbb.fr\/index.php\/wp-json\/wp\/v2\/categories?post=18621"},{"taxonomy":"post_tag","embeddable":true,"href":"https:\/\/sjbb.fr\/index.php\/wp-json\/wp\/v2\/tags?post=18621"}],"curies":[{"name":"wp","href":"https:\/\/api.w.org\/{rel}","templated":true}]}}