{"id":18720,"date":"2025-06-19T11:10:00","date_gmt":"2025-06-19T10:10:00","guid":{"rendered":"https:\/\/sjbb.fr\/?p=18720"},"modified":"2025-06-21T18:55:55","modified_gmt":"2025-06-21T17:55:55","slug":"rentree-paroissiale-2025-a-senlis","status":"publish","type":"post","link":"https:\/\/sjbb.fr\/index.php\/2025\/06\/19\/rentree-paroissiale-2025-a-senlis\/","title":{"rendered":"Rentr\u00e9e Paroissiale 2025 \u00e0 SENLIS"},"content":{"rendered":"\n<figure class=\"wp-block-image size-large\"><a href=\"https:\/\/sjbb.fr\/wp-content\/uploads\/2025\/06\/PHOTO-2025-06-19-09-04-22.jpg\"><img loading=\"lazy\" decoding=\"async\" width=\"725\" height=\"1024\" src=\"https:\/\/sjbb.fr\/wp-content\/uploads\/2025\/06\/PHOTO-2025-06-19-09-04-22-725x1024.jpg\" alt=\"\" class=\"wp-image-18721\" srcset=\"https:\/\/sjbb.fr\/wp-content\/uploads\/2025\/06\/PHOTO-2025-06-19-09-04-22-725x1024.jpg 725w, https:\/\/sjbb.fr\/wp-content\/uploads\/2025\/06\/PHOTO-2025-06-19-09-04-22-212x300.jpg 212w, https:\/\/sjbb.fr\/wp-content\/uploads\/2025\/06\/PHOTO-2025-06-19-09-04-22-768x1085.jpg 768w, https:\/\/sjbb.fr\/wp-content\/uploads\/2025\/06\/PHOTO-2025-06-19-09-04-22-1088x1536.jpg 1088w, https:\/\/sjbb.fr\/wp-content\/uploads\/2025\/06\/PHOTO-2025-06-19-09-04-22-900x1271.jpg 900w, https:\/\/sjbb.fr\/wp-content\/uploads\/2025\/06\/PHOTO-2025-06-19-09-04-22-17x24.jpg 17w, https:\/\/sjbb.fr\/wp-content\/uploads\/2025\/06\/PHOTO-2025-06-19-09-04-22-25x36.jpg 25w, https:\/\/sjbb.fr\/wp-content\/uploads\/2025\/06\/PHOTO-2025-06-19-09-04-22-34x48.jpg 34w, https:\/\/sjbb.fr\/wp-content\/uploads\/2025\/06\/PHOTO-2025-06-19-09-04-22.jpg 1133w\" sizes=\"auto, (max-width: 725px) 100vw, 725px\" \/><\/a><\/figure>\n\n\n\n<h2 class=\"wp-block-heading\">Une paroisse unie et missionnaire<\/h2>\n\n\n\n<p class=\"has-normal-font-size\">Le 5 Octobre \u00e0 8h30 sur le parvis de Saint Jean Baptiste.<br>Inscrivez-vous au secr\u00e9tariat, \u00e0 l&rsquo;accueil ou par mail \u00e0 <a href=\"mailto:paroissesjbb@gmail.com\">paroissesjbb@gmail.com<\/a><\/p>\n","protected":false},"excerpt":{"rendered":"<p>Une paroisse unie et missionnaire Le 5 Octobre \u00e0 8h30 sur le parvis de Saint Jean Baptiste.Inscrivez-vous au secr\u00e9tariat, \u00e0 l&rsquo;accueil ou par mail \u00e0 paroissesjbb@gmail.com<\/p>\n","protected":false},"author":14,"featured_media":18723,"comment_status":"closed","ping_status":"closed","sticky":false,"template":"","format":"standard","meta":{"_jetpack_memberships_contains_paid_content":false,"footnotes":""},"categories":[58,53,35],"tags":[],"class_list":["post-18720","post","type-post","status-publish","format-standard","has-post-thumbnail","hentry","category-2025-2026","category-evenements-2","category-rencontres"],"jetpack_featured_media_url":"https:\/\/sjbb.fr\/wp-content\/uploads\/2025\/06\/Rentree-Paroissiale-2025.jpg","jetpack_sharing_enabled":true,"_links":{"self":[{"href":"https:\/\/sjbb.fr\/index.php\/wp-json\/wp\/v2\/posts\/18720","targetHints":{"allow":["GET"]}}],"collection":[{"href":"https:\/\/sjbb.fr\/index.php\/wp-json\/wp\/v2\/posts"}],"about":[{"href":"https:\/\/sjbb.fr\/index.php\/wp-json\/wp\/v2\/types\/post"}],"author":[{"embeddable":true,"href":"https:\/\/sjbb.fr\/index.php\/wp-json\/wp\/v2\/users\/14"}],"replies":[{"embeddable":true,"href":"https:\/\/sjbb.fr\/index.php\/wp-json\/wp\/v2\/comments?post=18720"}],"version-history":[{"count":1,"href":"https:\/\/sjbb.fr\/index.php\/wp-json\/wp\/v2\/posts\/18720\/revisions"}],"predecessor-version":[{"id":18722,"href":"https:\/\/sjbb.fr\/index.php\/wp-json\/wp\/v2\/posts\/18720\/revisions\/18722"}],"wp:featuredmedia":[{"embeddable":true,"href":"https:\/\/sjbb.fr\/index.php\/wp-json\/wp\/v2\/media\/18723"}],"wp:attachment":[{"href":"https:\/\/sjbb.fr\/index.php\/wp-json\/wp\/v2\/media?parent=18720"}],"wp:term":[{"taxonomy":"category","embeddable":true,"href":"https:\/\/sjbb.fr\/index.php\/wp-json\/wp\/v2\/categories?post=18720"},{"taxonomy":"post_tag","embeddable":true,"href":"https:\/\/sjbb.fr\/index.php\/wp-json\/wp\/v2\/tags?post=18720"}],"curies":[{"name":"wp","href":"https:\/\/api.w.org\/{rel}","templated":true}]}}