{"id":18852,"date":"2025-09-16T10:50:18","date_gmt":"2025-09-16T09:50:18","guid":{"rendered":"https:\/\/sjbb.fr\/?p=18852"},"modified":"2025-09-16T10:50:20","modified_gmt":"2025-09-16T09:50:20","slug":"soiree-avec-mahmud-nasimi","status":"publish","type":"post","link":"https:\/\/sjbb.fr\/index.php\/2025\/09\/16\/soiree-avec-mahmud-nasimi\/","title":{"rendered":"Soir\u00e9e avec Mahmud NASIMI"},"content":{"rendered":"\n<h2 class=\"wp-block-heading\">Le 8 octobre \u00e0 20h <\/h2>\n\n\n\n<p>\u00ab Migrants, missionnaires d\u2019esp\u00e9rance \u00bb Soir\u00e9e avec Mahmud NASIMI, \u00e9crivain afghan et passeur d\u2019esp\u00e9rance, au <strong>8 rue de Palestine<\/strong>.<\/p>\n\n\n\n<p>Dans le cadre de la Journ\u00e9e mondiale du migrant et du r\u00e9fugi\u00e9. Mahmud Nasimi (Un afghan \u00e0 Paris) a quitt\u00e9 l\u2019Afghanistan en 2013 et a obtenu le statut de r\u00e9fugi\u00e9 en France 7 ans plus tard. Il partage sa vie entre l\u2019\u00e9criture (son 3\u00e8me ouvrage doit sortir prochainement) et son t\u00e9moignage d\u2019une esp\u00e9rance plus forte que toutes les \u00e9preuves auxquelles il a \u00e9t\u00e9 confront\u00e9<\/p>\n\n\n\n<figure class=\"wp-block-image size-large\"><a href=\"https:\/\/sjbb.fr\/wp-content\/uploads\/2025\/09\/photo_3.jpeg\"><img loading=\"lazy\" decoding=\"async\" width=\"737\" height=\"1024\" src=\"https:\/\/sjbb.fr\/wp-content\/uploads\/2025\/09\/photo_3-737x1024.jpeg\" alt=\"\" class=\"wp-image-18854\" srcset=\"https:\/\/sjbb.fr\/wp-content\/uploads\/2025\/09\/photo_3-737x1024.jpeg 737w, https:\/\/sjbb.fr\/wp-content\/uploads\/2025\/09\/photo_3-216x300.jpeg 216w, https:\/\/sjbb.fr\/wp-content\/uploads\/2025\/09\/photo_3-768x1066.jpeg 768w, https:\/\/sjbb.fr\/wp-content\/uploads\/2025\/09\/photo_3-900x1250.jpeg 900w, https:\/\/sjbb.fr\/wp-content\/uploads\/2025\/09\/photo_3-17x24.jpeg 17w, https:\/\/sjbb.fr\/wp-content\/uploads\/2025\/09\/photo_3-26x36.jpeg 26w, https:\/\/sjbb.fr\/wp-content\/uploads\/2025\/09\/photo_3-35x48.jpeg 35w, https:\/\/sjbb.fr\/wp-content\/uploads\/2025\/09\/photo_3.jpeg 960w\" sizes=\"auto, (max-width: 737px) 100vw, 737px\" \/><\/a><\/figure>\n","protected":false},"excerpt":{"rendered":"<p>Le 8 octobre \u00e0 20h \u00ab Migrants, missionnaires d\u2019esp\u00e9rance \u00bb Soir\u00e9e avec Mahmud NASIMI, \u00e9crivain afghan et passeur d\u2019esp\u00e9rance, au 8 rue de Palestine. Dans le cadre de la Journ\u00e9e mondiale du migrant et du r\u00e9fugi\u00e9. Mahmud Nasimi (Un afghan \u00e0 Paris) a quitt\u00e9 l\u2019Afghanistan en 2013 et a obtenu le statut de r\u00e9fugi\u00e9 en [&hellip;]<\/p>\n","protected":false},"author":11,"featured_media":18853,"comment_status":"closed","ping_status":"closed","sticky":false,"template":"","format":"standard","meta":{"_jetpack_memberships_contains_paid_content":false,"footnotes":""},"categories":[58,55],"tags":[],"class_list":["post-18852","post","type-post","status-publish","format-standard","has-post-thumbnail","hentry","category-2025-2026","category-conferences"],"jetpack_featured_media_url":"https:\/\/sjbb.fr\/wp-content\/uploads\/2025\/09\/Mahmud-Nasimi.jpg","jetpack_sharing_enabled":true,"_links":{"self":[{"href":"https:\/\/sjbb.fr\/index.php\/wp-json\/wp\/v2\/posts\/18852","targetHints":{"allow":["GET"]}}],"collection":[{"href":"https:\/\/sjbb.fr\/index.php\/wp-json\/wp\/v2\/posts"}],"about":[{"href":"https:\/\/sjbb.fr\/index.php\/wp-json\/wp\/v2\/types\/post"}],"author":[{"embeddable":true,"href":"https:\/\/sjbb.fr\/index.php\/wp-json\/wp\/v2\/users\/11"}],"replies":[{"embeddable":true,"href":"https:\/\/sjbb.fr\/index.php\/wp-json\/wp\/v2\/comments?post=18852"}],"version-history":[{"count":1,"href":"https:\/\/sjbb.fr\/index.php\/wp-json\/wp\/v2\/posts\/18852\/revisions"}],"predecessor-version":[{"id":18855,"href":"https:\/\/sjbb.fr\/index.php\/wp-json\/wp\/v2\/posts\/18852\/revisions\/18855"}],"wp:featuredmedia":[{"embeddable":true,"href":"https:\/\/sjbb.fr\/index.php\/wp-json\/wp\/v2\/media\/18853"}],"wp:attachment":[{"href":"https:\/\/sjbb.fr\/index.php\/wp-json\/wp\/v2\/media?parent=18852"}],"wp:term":[{"taxonomy":"category","embeddable":true,"href":"https:\/\/sjbb.fr\/index.php\/wp-json\/wp\/v2\/categories?post=18852"},{"taxonomy":"post_tag","embeddable":true,"href":"https:\/\/sjbb.fr\/index.php\/wp-json\/wp\/v2\/tags?post=18852"}],"curies":[{"name":"wp","href":"https:\/\/api.w.org\/{rel}","templated":true}]}}