{"id":19019,"date":"2025-10-19T15:59:39","date_gmt":"2025-10-19T14:59:39","guid":{"rendered":"https:\/\/sjbb.fr\/?p=19019"},"modified":"2025-10-19T15:59:41","modified_gmt":"2025-10-19T14:59:41","slug":"la-gratitude-dune-raleuse","status":"publish","type":"post","link":"https:\/\/sjbb.fr\/index.php\/2025\/10\/19\/la-gratitude-dune-raleuse\/","title":{"rendered":"La gratitude d\u2019une r\u00e2leuse"},"content":{"rendered":"\n<p>Un jour, il y a plusieurs ann\u00e9es, j\u2019ai lu un petit livre intitul\u00e9 \u00ab Merci \u00bb. On n\u2019y trouvait que des citations et t\u00e9moignages illustr\u00e9s, au sujet de la gratitude et de la reconnaissance. Je me souviens du t\u00e9moignage de Christophe, un jeune breton, handicap\u00e9 suite \u00e0 un accident\u2026 Il disait : \u00ab Depuis que je suis en chaise roulante, je fais beaucoup plus de choses qu\u2019avant. Avec Bernard, le moniteur, je surfe et je navigue sur l\u2019oc\u00e9an. Je m\u2019int\u00e9resse \u00e0 la nature, et surtout aux fleurs. J\u2019appr\u00e9cie les cadeaux que chaque journ\u00e9e m\u2019apporte, et je me d\u00e9couvre de nouvelles capacit\u00e9s. J\u2019\u00e9prouve m\u00eame de la reconnaissance pour mon handicap, \u00e0 cause de tout ce qu\u2019il m\u2019a fait d\u00e9couvrir. \u00bb<\/p>\n\n\n\n<p>J\u2019ai lu aussi celui de Marguerite, une personne \u00e2g\u00e9e dont les forces s\u2019\u00e9taient lentement amenuis\u00e9es depuis quelques mois : \u00ab J\u2019aimerais pouvoir marcher comme avant, mais mes jambes ne r\u00e9pondent plus&#8230; Mais je te rends gr\u00e2ce, Seigneur, parce qu\u2019au fil des jours, tu m\u2019as fait d\u00e9couvrir la valeur d\u2019une vie au ralenti : chaque instant illumine ma journ\u00e9e, pour peu que je consacre un moment \u00e0 l\u2019\u00e9merveillement ! Merci, Seigneur : maintenant j\u2019ai le temps de te rencontrer, d\u2019\u00e9couter les autres, et de comprendre qu\u2019il existe en nous un potentiel d\u2019amour plus fort que nous ne pourrions jamais l\u2019imaginer. \u00bb<\/p>\n\n\n\n<p><strong><em>Dans ce petit livre, une citation de Saint Ambroise m\u2019avait aussi profond\u00e9ment touch\u00e9e : \u00ab Aucune obligation n\u2019est plus pressante que celle de remercier. \u00bb<\/em><\/strong><\/p>\n\n\n\n<p>J\u2019\u00e9tais alors \u00ab une r\u00e2leuse \u00bb, plus press\u00e9e de me plaindre de ce qui n\u2019allait pas, que de remercier qui que ce soit pour ce qui allait !\u2026 Et pendant que je lisais ce petit livre, j\u2019ai entendu un pr\u00eatre nous conseiller, dans notre pri\u00e8re, de toujours commencer par adresser au Seigneur une pri\u00e8re d\u2019action de gr\u00e2ce, et seulement ensuite, de lui demander son aide pour les \u00e9preuves qui nous attendaient sur notre chemin. Comme je ne m\u2019\u00e9tais jamais pos\u00e9 vraiment la question du contenu de la pri\u00e8re, ce pr\u00eatre m\u2019a donn\u00e9 la cl\u00e9 d\u2019une attitude simple de gratitude envers le Seigneur, pour tout ce qu\u2019Il nous a d\u00e9j\u00e0 donn\u00e9\u2026 Et cela vaut d\u00e9sormais pour toutes les pri\u00e8res que je voudrais Lui adresser !\u2026<\/p>\n\n\n\n<p><strong><em>A chaque moment de l\u2019ann\u00e9e, du mois, ou de la journ\u00e9e, nous sommes tous invit\u00e9s \u00e0 prier. C\u2019est pourquoi nous devons renoncer \u00e0 toutes nos exigences, et commencer par rendre gr\u00e2ce pour tout ce que nous avons, pour la joie d\u2019\u00eatre en vie et de respirer, pour le bonheur de chaque jour, dans sa banale simplicit\u00e9. Et si, \u00e0 l\u2019approche de l\u2019hiver, o\u00f9 tant de gens souffrent du froid et du manque de tout, nous sommes reconnaissants pour les chances que nous avons, nous saurons mieux partager ce que nous avons, avec ceux que les al\u00e9as de la vie ont rendus plus faibles et plus fragiles.<\/em><\/strong><\/p>\n\n\n\n<p class=\"has-text-align-right\"><strong><em>Marie<\/em><\/strong><\/p>\n","protected":false},"excerpt":{"rendered":"<p>&#8230; je te rends gr\u00e2ce, Seigneur, parce qu\u2019au fil des jours, tu m\u2019as fait d\u00e9couvrir la valeur d\u2019une vie au ralenti : chaque instant illumine ma journ\u00e9e, pour peu que je consacre un moment \u00e0 l\u2019\u00e9merveillement !<\/p>\n","protected":false},"author":11,"featured_media":19020,"comment_status":"closed","ping_status":"closed","sticky":false,"template":"","format":"standard","meta":{"_jetpack_memberships_contains_paid_content":false,"footnotes":""},"categories":[58,7],"tags":[],"class_list":["post-19019","post","type-post","status-publish","format-standard","has-post-thumbnail","hentry","category-2025-2026","category-regard-de-l-autre"],"jetpack_featured_media_url":"https:\/\/sjbb.fr\/wp-content\/uploads\/2025\/10\/Merci.jpg","jetpack_sharing_enabled":true,"_links":{"self":[{"href":"https:\/\/sjbb.fr\/index.php\/wp-json\/wp\/v2\/posts\/19019","targetHints":{"allow":["GET"]}}],"collection":[{"href":"https:\/\/sjbb.fr\/index.php\/wp-json\/wp\/v2\/posts"}],"about":[{"href":"https:\/\/sjbb.fr\/index.php\/wp-json\/wp\/v2\/types\/post"}],"author":[{"embeddable":true,"href":"https:\/\/sjbb.fr\/index.php\/wp-json\/wp\/v2\/users\/11"}],"replies":[{"embeddable":true,"href":"https:\/\/sjbb.fr\/index.php\/wp-json\/wp\/v2\/comments?post=19019"}],"version-history":[{"count":1,"href":"https:\/\/sjbb.fr\/index.php\/wp-json\/wp\/v2\/posts\/19019\/revisions"}],"predecessor-version":[{"id":19021,"href":"https:\/\/sjbb.fr\/index.php\/wp-json\/wp\/v2\/posts\/19019\/revisions\/19021"}],"wp:featuredmedia":[{"embeddable":true,"href":"https:\/\/sjbb.fr\/index.php\/wp-json\/wp\/v2\/media\/19020"}],"wp:attachment":[{"href":"https:\/\/sjbb.fr\/index.php\/wp-json\/wp\/v2\/media?parent=19019"}],"wp:term":[{"taxonomy":"category","embeddable":true,"href":"https:\/\/sjbb.fr\/index.php\/wp-json\/wp\/v2\/categories?post=19019"},{"taxonomy":"post_tag","embeddable":true,"href":"https:\/\/sjbb.fr\/index.php\/wp-json\/wp\/v2\/tags?post=19019"}],"curies":[{"name":"wp","href":"https:\/\/api.w.org\/{rel}","templated":true}]}}