{"id":19160,"date":"2025-12-12T13:54:01","date_gmt":"2025-12-12T12:54:01","guid":{"rendered":"https:\/\/sjbb.fr\/?p=19160"},"modified":"2025-12-12T13:54:02","modified_gmt":"2025-12-12T12:54:02","slug":"la-liturgie-des-heures","status":"publish","type":"post","link":"https:\/\/sjbb.fr\/index.php\/2025\/12\/12\/la-liturgie-des-heures\/","title":{"rendered":"La Liturgie des Heures"},"content":{"rendered":"\n<p style=\"font-size:20px\">Il est 5h00, Paris s\u2019\u00e9veille\u2026Heu\u00a0! Non, le monast\u00e8re s\u2019\u00e9veille dans l\u2019obscurit\u00e9. Des silhouettes furtives se h\u00e2tent vers la chapelle pour l\u2019Office des Vigiles \u00e0 5h30. Peu \u00e0 peu paraissent les premi\u00e8res lueurs du jour. Ensuite, six autres offices vont rythmer la journ\u00e9e de la vie de l\u2019Eglise. <strong>Mais la Liturgie des Heures n\u2019est pas uniquement r\u00e9serv\u00e9e aux moines et aux moniales. <\/strong>Elle concerne le clerg\u00e9 s\u00e9culier, les ordres religieux non clo\u00eetr\u00e9s de toute sorte, les personnes consacr\u00e9es etc. <strong>Cette pri\u00e8re est offerte \u00e0 tous les baptis\u00e9s. <\/strong>Elle est une source de la vie spirituelle et apostolique pour chacun. Elle apporte non seulement de la gratuit\u00e9 mais aussi une respiration dans nos journ\u00e9es. Bien s\u00fbr, elle requiert une certaine souplesse, une adaptation \u00e0 nos rythmes contemporains. O\u00f9 et quand\u00a0? Il existe tellement de possibilit\u00e9s\u2026Il m\u2019est arriv\u00e9 de prier l\u2019Office des V\u00eapres, avec un ami pr\u00eatre, dans le m\u00e9tro. Nous alternions, \u00e0 voix basse, les versets des psaumes et, semble-t-il, cela n\u2019a d\u00e9rang\u00e9 personne.<\/p>\n\n\n\n<p style=\"font-size:20px\">La pri\u00e8re de la Liturgie des Heures permet de r\u00e9pondre \u00e0 \u00ab\u00a0<em>l\u2019heure de Dieu<\/em>\u00a0\u00bb. Elle nous fait sortir de notre subjectivit\u00e9 et de nos \u00e9tats d\u2019\u00e2me. Lors de ma cons\u00e9cration dans l\u2019Ordre des vierges, j\u2019ai re\u00e7u les quatre volumes de la Liturgie des Heures avec ces mots\u00a0: \u00ab\u00a0Recevez le livre de la pri\u00e8re de l\u2019\u00c9glise ; ne cessez jamais de louer votre Dieu ni t\u2019interc\u00e9der pour le salut du monde\u00a0\u00bb. Cela m\u2019a tout de suite install\u00e9e dans cette mission. Je sais que je suis \u00e0 la fois <strong>solitaire et solidaire<\/strong>\u00a0: si je prie en solitude, je sais que je ne suis pas seule, mais reli\u00e9e \u00e0 tous ceux et celles qui prient la Liturgie des Heures.<\/p>\n\n\n\n<p style=\"font-size:20px\">Qui pourrait dire la richesse in\u00e9puisable des hymnes, des psaumes, des lectures bibliques et patristiques\u00a0? Tout est nouveau \u00e0 chaque instant. J\u2019aime me laisser surprendre par telle ou telle hymne harmonis\u00e9e par Jean-Baptiste Musset pour les Voix du Jourdain. Je m\u2019approprie\u00a0 souvent tel ou tel verset de psaume pour crier vers Dieu ma d\u00e9tresse, implorer sa mis\u00e9ricorde, t\u00e9moigner ma reconnaissance. Pas besoin de chercher les mots en moi, je les ai sous les yeux.<\/p>\n\n\n\n<p style=\"font-size:20px\">Dans un ouvrage r\u00e9cent<sup>*<\/sup>, Olivier-Marie Sarr, abb\u00e9 b\u00e9n\u00e9dictin de Keur Moussa (S\u00e9n\u00e9gal) assure \u00ab\u00a0<strong><em>qu\u2019il est indispensable de d\u00e9cider de prier<\/em><\/strong><em>, le d\u00e9sir de prier ne suffit pas<\/em>\u00a0\u00bb et d\u2019ajouter \u00ab\u00a0<em>la pri\u00e8re n\u2019est pas un probl\u00e8me de temps mais un probl\u00e8me d\u2019amour, nous savons trouver du temps pour ce qui est essentiel<\/em>\u00a0\u00bb.<\/p>\n\n\n\n<p style=\"font-size:20px\">La Liturgie des Heures\u00a0? Telle une petite abeille, j\u2019en fais mon miel chaque jour.<\/p>\n\n\n\n<p class=\"has-text-align-right has-normal-font-size\"><strong><em>Brigitte<\/em><\/strong><\/p>\n","protected":false},"excerpt":{"rendered":"<p>Il est 5h00, Paris s\u2019\u00e9veille\u2026Heu\u00a0! Non, le monast\u00e8re s\u2019\u00e9veille dans l\u2019obscurit\u00e9. Des silhouettes furtives se h\u00e2tent vers la chapelle pour l\u2019Office des Vigiles \u00e0 5h30&#8230;<\/p>\n","protected":false},"author":11,"featured_media":19161,"comment_status":"closed","ping_status":"closed","sticky":false,"template":"","format":"standard","meta":{"_jetpack_memberships_contains_paid_content":false,"footnotes":""},"categories":[58,7],"tags":[],"class_list":["post-19160","post","type-post","status-publish","format-standard","has-post-thumbnail","hentry","category-2025-2026","category-regard-de-l-autre"],"jetpack_featured_media_url":"https:\/\/sjbb.fr\/wp-content\/uploads\/2025\/12\/lithurgie-des-heures.jpg","jetpack_sharing_enabled":true,"_links":{"self":[{"href":"https:\/\/sjbb.fr\/index.php\/wp-json\/wp\/v2\/posts\/19160","targetHints":{"allow":["GET"]}}],"collection":[{"href":"https:\/\/sjbb.fr\/index.php\/wp-json\/wp\/v2\/posts"}],"about":[{"href":"https:\/\/sjbb.fr\/index.php\/wp-json\/wp\/v2\/types\/post"}],"author":[{"embeddable":true,"href":"https:\/\/sjbb.fr\/index.php\/wp-json\/wp\/v2\/users\/11"}],"replies":[{"embeddable":true,"href":"https:\/\/sjbb.fr\/index.php\/wp-json\/wp\/v2\/comments?post=19160"}],"version-history":[{"count":1,"href":"https:\/\/sjbb.fr\/index.php\/wp-json\/wp\/v2\/posts\/19160\/revisions"}],"predecessor-version":[{"id":19162,"href":"https:\/\/sjbb.fr\/index.php\/wp-json\/wp\/v2\/posts\/19160\/revisions\/19162"}],"wp:featuredmedia":[{"embeddable":true,"href":"https:\/\/sjbb.fr\/index.php\/wp-json\/wp\/v2\/media\/19161"}],"wp:attachment":[{"href":"https:\/\/sjbb.fr\/index.php\/wp-json\/wp\/v2\/media?parent=19160"}],"wp:term":[{"taxonomy":"category","embeddable":true,"href":"https:\/\/sjbb.fr\/index.php\/wp-json\/wp\/v2\/categories?post=19160"},{"taxonomy":"post_tag","embeddable":true,"href":"https:\/\/sjbb.fr\/index.php\/wp-json\/wp\/v2\/tags?post=19160"}],"curies":[{"name":"wp","href":"https:\/\/api.w.org\/{rel}","templated":true}]}}