{"id":19205,"date":"2026-01-07T15:20:48","date_gmt":"2026-01-07T14:20:48","guid":{"rendered":"https:\/\/sjbb.fr\/?p=19205"},"modified":"2026-01-07T15:21:00","modified_gmt":"2026-01-07T14:21:00","slug":"la-charta-oecumenica-nous-engage","status":"publish","type":"post","link":"https:\/\/sjbb.fr\/index.php\/2026\/01\/07\/la-charta-oecumenica-nous-engage\/","title":{"rendered":"La Charta Oecumenica nous engage"},"content":{"rendered":"\n<p style=\"font-size:20px\">Apr\u00e8s la belle rencontre europ\u00e9enne de Taiz\u00e9, et en ce d\u00e9but d\u2019ann\u00e9e marqu\u00e9 par les r\u00e9solutions du Nouvel An, il est bon de se rappeler les engagements \u0153cum\u00e9niques de nos \u00c9glises et de renouveler notre engagement personnel et communautaire pour l\u2019unit\u00e9 des chr\u00e9tiens.<\/p>\n\n\n\n<p style=\"font-size:20px\">La Conf\u00e9rence des \u00c9glises europ\u00e9ennes et le Conseil des Conf\u00e9rences \u00e9piscopales d&rsquo;Europe ont lanc\u00e9 <a href=\"https:\/\/www.protestants.org\/signature-de-la-charta-oecumenica\/\" target=\"_blank\" rel=\"noreferrer noopener\">la Charta Oecumenica<\/a> actualis\u00e9e le 5 novembre 2025 \u00e0 Rome Cette charte renouvelle l\u2019engagement des \u00c9glises europ\u00e9ennes \u00e0 marcher ensemble dans le dialogue, la reconnaissance mutuelle et le t\u00e9moignage commun en r\u00e9ponse aux d\u00e9fis de notre temps Elle aborde notamment la recherche de la paix et de la r\u00e9conciliation, l&rsquo;accueil des migrants et des r\u00e9fugi\u00e9s, l&rsquo;appel urgent \u00e0 la sauvegarde de la cr\u00e9ation et l&rsquo;approfondissement des relations avec les communaut\u00e9s juives et musulmanes.<\/p>\n\n\n\n<p style=\"font-size:20px\">Je retiens trois engagements en particulier D\u2019abord, celui de \u00ab nous r\u00e9unir pour prier les unes et les uns avec les autres, pour les uns les autres et pour l\u2019unit\u00e9 chr\u00e9tienne \u00bb Par cette pri\u00e8re partag\u00e9e, nous exprimons notre attention et notre fraternit\u00e9 envers nos soeurs et fr\u00e8res chr\u00e9tiens La Semaine de pri\u00e8re pour l\u2019unit\u00e9 des chr\u00e9tiens, du 18 au 25 janvier en sera une belle occasion.<\/p>\n\n\n\n<p style=\"font-size:20px\">Ensuite, pour progresser sur le chemin de la r\u00e9conciliation entre chr\u00e9tiens, nous nous engageons \u00e0 \u00ab surmonter, dans chaque \u00c9glise, la tentation de l\u2019autosuffisance, de l\u2019isolement, de l\u2019indiff\u00e9rence ou des pr\u00e9jug\u00e9s \u00bb Pensons par exemple \u00e0 des st\u00e9r\u00e9otypes comme \u00ab les protestants n\u2019ont pas la pr\u00e9sence r\u00e9elle \u00bb ou \u00ab les catholiques adorent la Vierge Marie \u00bb D\u00e9passer ces id\u00e9es re\u00e7ues suppose de prendre le temps de mieux se conna\u00eetre.<\/p>\n\n\n\n<p style=\"font-size:20px\">Enfin, je souligne une avanc\u00e9e importante depuis la premi\u00e8re version de cette charte, publi\u00e9e en 2001 Le texte reconna\u00eet \u00ab Nous confessons que nos \u00c9glises ont commis des p\u00e9ch\u00e9s scandaleux au lieu de porter t\u00e9moignage elles ont permis et provoqu\u00e9 de graves pr\u00e9judices Un \u00e9l\u00e9ment essentiel de notre t\u00e9moignage consiste \u00e0 oeuvrer au soin des blessures inflig\u00e9es aux membres vuln\u00e9rables de nos \u00c9glises \u00bb La reconnaissance de ces manquements et de ces crimes ainsi que le soutien aux personnes victimes de violences sexuelles et de maltraitances au sein des \u00c9glises, exigent de construire ensemble une culture de v\u00e9rit\u00e9, de justice, de protection et de paix<\/p>\n\n\n\n<p style=\"font-size:20px\">Vous trouvez la traduction fran\u00e7aise de la Charta Oecumenica sur le <a href=\"https:\/\/www.protestants.org\/signature-de-la-charta-oecumenica\/\" target=\"_blank\" rel=\"noreferrer noopener\">site de la F\u00e9d\u00e9ration protestante de France<\/a> .<\/p>\n\n\n\n<p style=\"font-size:20px\"><em>\u00ab J\u00e9sus Christ, Seigneur de l\u2019\u00c9glise une, est notre plus grande esp\u00e9rance de r\u00e9conciliation et de paix En son nom, nous nous engageons \u00e0 poursuivre notre chemin en Europe ensemble \u00bb Amen<\/em><\/p>\n\n\n\n<p class=\"has-text-align-right\"><strong><em>Katherine Shirk Lucas<\/em><\/strong><\/p>\n","protected":false},"excerpt":{"rendered":"<p>Apr\u00e8s la belle rencontre europ\u00e9enne de Taiz\u00e9, et en ce d\u00e9but d\u2019ann\u00e9e marqu\u00e9 par les r\u00e9solutions du Nouvel An, il est bon de se rappeler les engagements oecum\u00e9niques de nos \u00c9glises et de renouveler notre engagement personnel et communautaire pour l\u2019unit\u00e9 des chr\u00e9tiens.<\/p>\n","protected":false},"author":14,"featured_media":19206,"comment_status":"closed","ping_status":"closed","sticky":false,"template":"","format":"standard","meta":{"_jetpack_memberships_contains_paid_content":false,"footnotes":""},"categories":[58,7],"tags":[],"class_list":["post-19205","post","type-post","status-publish","format-standard","has-post-thumbnail","hentry","category-2025-2026","category-regard-de-l-autre"],"jetpack_featured_media_url":"https:\/\/sjbb.fr\/wp-content\/uploads\/2026\/01\/Oecumenisme.jpg","jetpack_sharing_enabled":true,"_links":{"self":[{"href":"https:\/\/sjbb.fr\/index.php\/wp-json\/wp\/v2\/posts\/19205","targetHints":{"allow":["GET"]}}],"collection":[{"href":"https:\/\/sjbb.fr\/index.php\/wp-json\/wp\/v2\/posts"}],"about":[{"href":"https:\/\/sjbb.fr\/index.php\/wp-json\/wp\/v2\/types\/post"}],"author":[{"embeddable":true,"href":"https:\/\/sjbb.fr\/index.php\/wp-json\/wp\/v2\/users\/14"}],"replies":[{"embeddable":true,"href":"https:\/\/sjbb.fr\/index.php\/wp-json\/wp\/v2\/comments?post=19205"}],"version-history":[{"count":2,"href":"https:\/\/sjbb.fr\/index.php\/wp-json\/wp\/v2\/posts\/19205\/revisions"}],"predecessor-version":[{"id":19208,"href":"https:\/\/sjbb.fr\/index.php\/wp-json\/wp\/v2\/posts\/19205\/revisions\/19208"}],"wp:featuredmedia":[{"embeddable":true,"href":"https:\/\/sjbb.fr\/index.php\/wp-json\/wp\/v2\/media\/19206"}],"wp:attachment":[{"href":"https:\/\/sjbb.fr\/index.php\/wp-json\/wp\/v2\/media?parent=19205"}],"wp:term":[{"taxonomy":"category","embeddable":true,"href":"https:\/\/sjbb.fr\/index.php\/wp-json\/wp\/v2\/categories?post=19205"},{"taxonomy":"post_tag","embeddable":true,"href":"https:\/\/sjbb.fr\/index.php\/wp-json\/wp\/v2\/tags?post=19205"}],"curies":[{"name":"wp","href":"https:\/\/api.w.org\/{rel}","templated":true}]}}