{"id":19209,"date":"2026-01-08T14:48:31","date_gmt":"2026-01-08T13:48:31","guid":{"rendered":"https:\/\/sjbb.fr\/?p=19209"},"modified":"2026-01-08T14:48:33","modified_gmt":"2026-01-08T13:48:33","slug":"conference-de-jean-de-saint-cheron","status":"publish","type":"post","link":"https:\/\/sjbb.fr\/index.php\/2026\/01\/08\/conference-de-jean-de-saint-cheron\/","title":{"rendered":"Conf\u00e9rence de Jean de Saint Ch\u00e9ron"},"content":{"rendered":"\n<h2 class=\"wp-block-heading\">18 janvier \u00e0 16h30<br>M\u00e8re Yvonne Aim\u00e9e de J\u00e9sus<\/h2>\n\n\n\n<figure class=\"wp-block-image size-large\"><a href=\"https:\/\/sjbb.fr\/wp-content\/uploads\/2026\/01\/CONF-SAINT-CHERON-AIMEE-copy-scaled.jpg\"><img loading=\"lazy\" decoding=\"async\" width=\"724\" height=\"1024\" src=\"https:\/\/sjbb.fr\/wp-content\/uploads\/2026\/01\/CONF-SAINT-CHERON-AIMEE-copy-724x1024.jpg\" alt=\"\" class=\"wp-image-19210\" srcset=\"https:\/\/sjbb.fr\/wp-content\/uploads\/2026\/01\/CONF-SAINT-CHERON-AIMEE-copy-724x1024.jpg 724w, https:\/\/sjbb.fr\/wp-content\/uploads\/2026\/01\/CONF-SAINT-CHERON-AIMEE-copy-212x300.jpg 212w, https:\/\/sjbb.fr\/wp-content\/uploads\/2026\/01\/CONF-SAINT-CHERON-AIMEE-copy-768x1086.jpg 768w, https:\/\/sjbb.fr\/wp-content\/uploads\/2026\/01\/CONF-SAINT-CHERON-AIMEE-copy-1087x1536.jpg 1087w, https:\/\/sjbb.fr\/wp-content\/uploads\/2026\/01\/CONF-SAINT-CHERON-AIMEE-copy-1449x2048.jpg 1449w, https:\/\/sjbb.fr\/wp-content\/uploads\/2026\/01\/CONF-SAINT-CHERON-AIMEE-copy-900x1272.jpg 900w, https:\/\/sjbb.fr\/wp-content\/uploads\/2026\/01\/CONF-SAINT-CHERON-AIMEE-copy-1280x1809.jpg 1280w, https:\/\/sjbb.fr\/wp-content\/uploads\/2026\/01\/CONF-SAINT-CHERON-AIMEE-copy-17x24.jpg 17w, https:\/\/sjbb.fr\/wp-content\/uploads\/2026\/01\/CONF-SAINT-CHERON-AIMEE-copy-25x36.jpg 25w, https:\/\/sjbb.fr\/wp-content\/uploads\/2026\/01\/CONF-SAINT-CHERON-AIMEE-copy-34x48.jpg 34w, https:\/\/sjbb.fr\/wp-content\/uploads\/2026\/01\/CONF-SAINT-CHERON-AIMEE-copy-scaled.jpg 1811w\" sizes=\"auto, (max-width: 724px) 100vw, 724px\" \/><\/a><\/figure>\n","protected":false},"excerpt":{"rendered":"<p>18 janvier \u00e0 16h30M\u00e8re Yvonne Aim\u00e9e de J\u00e9sus<\/p>\n","protected":false},"author":14,"featured_media":19211,"comment_status":"closed","ping_status":"closed","sticky":false,"template":"","format":"standard","meta":{"_jetpack_memberships_contains_paid_content":false,"footnotes":""},"categories":[58,55],"tags":[],"class_list":["post-19209","post","type-post","status-publish","format-standard","has-post-thumbnail","hentry","category-2025-2026","category-conferences"],"jetpack_featured_media_url":"https:\/\/sjbb.fr\/wp-content\/uploads\/2026\/01\/SAINT-CHERON-AIMEE.jpg","jetpack_sharing_enabled":true,"_links":{"self":[{"href":"https:\/\/sjbb.fr\/index.php\/wp-json\/wp\/v2\/posts\/19209","targetHints":{"allow":["GET"]}}],"collection":[{"href":"https:\/\/sjbb.fr\/index.php\/wp-json\/wp\/v2\/posts"}],"about":[{"href":"https:\/\/sjbb.fr\/index.php\/wp-json\/wp\/v2\/types\/post"}],"author":[{"embeddable":true,"href":"https:\/\/sjbb.fr\/index.php\/wp-json\/wp\/v2\/users\/14"}],"replies":[{"embeddable":true,"href":"https:\/\/sjbb.fr\/index.php\/wp-json\/wp\/v2\/comments?post=19209"}],"version-history":[{"count":1,"href":"https:\/\/sjbb.fr\/index.php\/wp-json\/wp\/v2\/posts\/19209\/revisions"}],"predecessor-version":[{"id":19212,"href":"https:\/\/sjbb.fr\/index.php\/wp-json\/wp\/v2\/posts\/19209\/revisions\/19212"}],"wp:featuredmedia":[{"embeddable":true,"href":"https:\/\/sjbb.fr\/index.php\/wp-json\/wp\/v2\/media\/19211"}],"wp:attachment":[{"href":"https:\/\/sjbb.fr\/index.php\/wp-json\/wp\/v2\/media?parent=19209"}],"wp:term":[{"taxonomy":"category","embeddable":true,"href":"https:\/\/sjbb.fr\/index.php\/wp-json\/wp\/v2\/categories?post=19209"},{"taxonomy":"post_tag","embeddable":true,"href":"https:\/\/sjbb.fr\/index.php\/wp-json\/wp\/v2\/tags?post=19209"}],"curies":[{"name":"wp","href":"https:\/\/api.w.org\/{rel}","templated":true}]}}