{"id":19344,"date":"2026-03-13T11:44:54","date_gmt":"2026-03-13T10:44:54","guid":{"rendered":"https:\/\/sjbb.fr\/?p=19344"},"modified":"2026-03-13T11:44:55","modified_gmt":"2026-03-13T10:44:55","slug":"au-desert","status":"publish","type":"post","link":"https:\/\/sjbb.fr\/index.php\/2026\/03\/13\/au-desert\/","title":{"rendered":"Au d\u00e9sert"},"content":{"rendered":"\n<p>\u00ab&nbsp;<em>Seigneur, avec toi, nous irons au d\u00e9sert\u2026<\/em>&nbsp;\u00bb. Alors que nous reprenons souvent ce chant en temps de Car\u00eame, je m\u2019interroge&nbsp;: qu\u2019est-ce que le d\u00e9sert&nbsp;pour moi&nbsp;?<\/p>\n\n\n\n<p><strong>\u00c0 la r\u00e9flexion, j\u2019en d\u00e9duis que c\u2019est peut-\u00eatre, tout b\u00eatement, de reconna\u00eetre et d\u2019accepter mes failles, mes limites et mes faiblesses. Et d\u2019assumer mes ratages, mes blocages<\/strong> \u2013 ce qui ne signifie pas m\u2019y r\u00e9signer, car il faut s\u2019appliquer sans cesse \u00e0 r\u00e9parer les uns et \u00e0 faire sauter les autres&nbsp;!<\/p>\n\n\n\n<p>Puis une autre r\u00e9ponse me vient&nbsp;: et si cela consistait aussi \u00e0 g\u00e9rer, sans agacements ni crispations inutiles, les petites et grandes contrari\u00e9t\u00e9s que les al\u00e9as du quotidien et de la vie en soci\u00e9t\u00e9 nous apportent immanquablement&nbsp;? Plus facile \u00e0 dire qu\u2019\u00e0 faire&nbsp;!<\/p>\n\n\n\n<p>Alors, je reviens au chant. Il me dit qu\u2019au d\u00e9sert, \u00ab&nbsp;<em>nous mangerons la Parole de Dieu<\/em>.&nbsp;\u00bb Or, celle que nous entendons depuis le d\u00e9but du Car\u00eame est des plus exigeantes. Il n\u2019y est question que d\u2019amour, d\u2019accueil et de pardon inconditionnels, de pri\u00e8res et de bonnes actions v\u00e9cues dans le secret. Un programme de perfection inatteignable&nbsp;! <strong>\u00c0 moins de l\u2019envisager comme un lent processus de d\u00e9pouillement, d\u2019une <\/strong><strong><em>d\u00e9sertification <\/em><\/strong><strong>de soi, en quelque sorte. <\/strong>Un travail patiemment nourri par la Parole, \u00e0 accomplir non seulement le temps d\u2019un Car\u00eame, mais dans la longueur des jours.<\/p>\n\n\n\n<p>Puis le chant dit que \u00ab&nbsp;<em>nous irons au d\u00e9sert<\/em> <em>pour gu\u00e9rir<\/em>&nbsp;\u00bb. Et \u00e7a, je le con\u00e7ois volontiers. <strong>Parce que je ne peux pas demander la gu\u00e9rison de mes raideurs, surdit\u00e9s et c\u00e9cit\u00e9s dans le bruit, l\u2019agitation et l\u2019encombrement. Il y faut du silence, du calme, et la nudit\u00e9 int\u00e9rieure de la pri\u00e8re.<\/strong> Or, justement, \u00ab&nbsp;<em>nous irons au d\u00e9sert pour prier.<\/em>&nbsp;\u00bb Pour que le pardon et la force de Dieu nous soit donn\u00e9s.<\/p>\n\n\n\n<p>Pour moi, le plus difficile r\u00e9side dans le dernier couplet&nbsp;: \u00ab&nbsp;<em>Nous irons au d\u00e9sert vers ta croix<\/em>&nbsp;\u00bb. Dans le r\u00e9cit des tentations de J\u00e9sus, je suis toujours frapp\u00e9e par les insinuations de Satan&nbsp;: \u00ab&nbsp;<em>Si tu es le Fils de Dieu\u2026<\/em>&nbsp;\u00bb. C\u2019est encore lui, l\u2019Adversaire, qui met ce d\u00e9fi railleur dans la bouche des badauds du Golgotha&nbsp;: \u00ab&nbsp;<em>Si tu es le Fils de Dieu, descends de la croix&nbsp;!<\/em>&nbsp;\u00bb Ultime et cruelle tentation \u00e0 laquelle J\u00e9sus ne c\u00e9dera pas. <strong>C\u2019est pourquoi Il est en droit de nous demander de porter \u00e0 notre tour notre croix. Pas la sienne \u2013 nous en serions bien incapables&nbsp;! \u2013 rien que la n\u00f4tre, et il n\u2019est d\u00e9j\u00e0 pas ais\u00e9 d\u2019y consentir.<\/strong> N\u00e9anmoins, nous osons chanter&nbsp;: \u00ab&nbsp;<em>Et nous porterons notre croix&nbsp;<\/em>\u00bb. Nous ajoutons m\u00eame&nbsp;: \u00ab&nbsp;<em>Nous vivrons la folie de la croix.<\/em>&nbsp;\u00bb Personnellement, je me demande toujours si j\u2019ai bien conscience de ce que je chante\u2026<\/p>\n\n\n\n<p>\u00ab\u00a0<em>L\u2019amour de Dieu est folie<\/em>\u00a0\u00bb, dit un autre chant. Il faut vraiment faire le vide en soi pour s\u2019ouvrir \u00e0 cette affirmation. <strong>C\u2019est pourquoi \u00ab\u00a0<em>nous f\u00eaterons notre P\u00e2que au d\u00e9sert<\/em>\u00a0\u00bb, le lieu de notre v\u00e9rit\u00e9.<\/strong><\/p>\n\n\n\n<p class=\"has-text-align-right has-normal-font-size\"><strong><em>Marie-H\u00e9l\u00e8ne D.<\/em><\/strong><\/p>\n","protected":false},"excerpt":{"rendered":"<p>\u00ab\u00a0Seigneur, avec toi, nous irons au d\u00e9sert\u2026\u00a0\u00bb. Alors que nous reprenons souvent ce chant en temps de Car\u00eame, je m\u2019interroge\u00a0: qu\u2019est-ce que le d\u00e9sert\u00a0pour moi\u00a0?<\/p>\n","protected":false},"author":11,"featured_media":19345,"comment_status":"closed","ping_status":"closed","sticky":false,"template":"","format":"standard","meta":{"_jetpack_memberships_contains_paid_content":false,"footnotes":""},"categories":[58,7],"tags":[],"class_list":["post-19344","post","type-post","status-publish","format-standard","has-post-thumbnail","hentry","category-2025-2026","category-regard-de-l-autre"],"jetpack_featured_media_url":"https:\/\/sjbb.fr\/wp-content\/uploads\/2026\/03\/Au-desert-avec-toi.jpg","jetpack_sharing_enabled":true,"_links":{"self":[{"href":"https:\/\/sjbb.fr\/index.php\/wp-json\/wp\/v2\/posts\/19344","targetHints":{"allow":["GET"]}}],"collection":[{"href":"https:\/\/sjbb.fr\/index.php\/wp-json\/wp\/v2\/posts"}],"about":[{"href":"https:\/\/sjbb.fr\/index.php\/wp-json\/wp\/v2\/types\/post"}],"author":[{"embeddable":true,"href":"https:\/\/sjbb.fr\/index.php\/wp-json\/wp\/v2\/users\/11"}],"replies":[{"embeddable":true,"href":"https:\/\/sjbb.fr\/index.php\/wp-json\/wp\/v2\/comments?post=19344"}],"version-history":[{"count":1,"href":"https:\/\/sjbb.fr\/index.php\/wp-json\/wp\/v2\/posts\/19344\/revisions"}],"predecessor-version":[{"id":19346,"href":"https:\/\/sjbb.fr\/index.php\/wp-json\/wp\/v2\/posts\/19344\/revisions\/19346"}],"wp:featuredmedia":[{"embeddable":true,"href":"https:\/\/sjbb.fr\/index.php\/wp-json\/wp\/v2\/media\/19345"}],"wp:attachment":[{"href":"https:\/\/sjbb.fr\/index.php\/wp-json\/wp\/v2\/media?parent=19344"}],"wp:term":[{"taxonomy":"category","embeddable":true,"href":"https:\/\/sjbb.fr\/index.php\/wp-json\/wp\/v2\/categories?post=19344"},{"taxonomy":"post_tag","embeddable":true,"href":"https:\/\/sjbb.fr\/index.php\/wp-json\/wp\/v2\/tags?post=19344"}],"curies":[{"name":"wp","href":"https:\/\/api.w.org\/{rel}","templated":true}]}}