{"id":19451,"date":"2026-04-29T08:18:33","date_gmt":"2026-04-29T07:18:33","guid":{"rendered":"https:\/\/sjbb.fr\/?p=19451"},"modified":"2026-04-29T08:18:35","modified_gmt":"2026-04-29T07:18:35","slug":"la-priere-comme-une-respiration","status":"publish","type":"post","link":"https:\/\/sjbb.fr\/index.php\/2026\/04\/29\/la-priere-comme-une-respiration\/","title":{"rendered":"La pri\u00e8re, comme une respiration"},"content":{"rendered":"\n<p>A l\u2019approche des vacances scolaires, nous ressentons tous le besoin d\u2019une pause. M\u00eame si nous ne travaillons ni \u00e0 l\u2019\u00e9cole, ni pour elle, c\u2019est bien l\u2019\u00e9cole qui rythme la vie des actifs, des enfants et m\u00eame des retrait\u00e9s ! Nous en arrivons tous \u00e0 oublier nos propres besoins : de repos, d\u2019oxyg\u00e8ne, et\u2026 de l\u2019Essentiel ! <strong>Comme une respiration, <\/strong>sur fond d\u2019essoufflement permanent, cette pause est pourtant n\u00e9cessaire dans nos emplois du temps, qu\u2019ils soient trop charg\u00e9s ou trop flous.<\/p>\n\n\n\n<p>C\u2019est toujours nous qui devons veiller \u00e0 garder du temps pour le Seigneur et pour la pri\u00e8re. Et pour que l\u2019esp\u00e9rance, dont nous avons tant besoin, la petite lampe allum\u00e9e, l\u00e0-bas tout au fond de l\u2019\u00e9glise, garde la premi\u00e8re place en nous et au fond de nous. <strong>C\u2019est toujours \u00e0 nous de faire une place au Seigneur dans nos vies.<\/strong><\/p>\n\n\n\n<p>Beaucoup d\u2019entre nous ont \u2018\u2018tout donn\u00e9\u2019\u2019 pendant la Semaine Sainte et l\u2019octave de P\u00e2ques, toute leur \u00e9nergie et toutes leurs pens\u00e9es, pendant ces belles journ\u00e9es o\u00f9 il y avait tant \u00e0 faire. D\u2019autres comme moi sont retrait\u00e9s, donc \u2018\u2018tout le temps en vacances\u2019\u2019, comme on dit ! Mais tous ressentent nettement la diff\u00e9rence entre l\u2019ann\u00e9e scolaire, si dense et intensive, et le temps des vacances, o\u00f9 le calme et le silence reprennent un peu leurs droits, nous permettant de \u2018\u2018souffler un peu\u2019\u2019, <strong>de prier et &#8230;de prendre du temps pour l\u2019Essentiel<\/strong>.<\/p>\n\n\n\n<p><strong>M\u00eame ici dans la grande ville<\/strong>, lieu de nos tourbillons et de nos \u00e9tendues de grisaille, lieu de tant d\u2019agitation, de flashes et de lumi\u00e8res, mais aussi de d\u00e9tresse, de mis\u00e8res inconnues et d\u2019isolement, <strong>nous pouvons retrouver l\u2019Essentiel<\/strong>, prier pour nos fr\u00e8res et soeurs les plus d\u00e9munis, qui supportent la mis\u00e8re, mat\u00e9rielle et spirituelle, au milieu de cet environnement tr\u00e9pidant. Malgr\u00e9 tout le poids de nos journ\u00e9es, nous pouvons trouver ou retrouver la paix, la s\u00e9r\u00e9nit\u00e9, la joie, et surtout la foi. Que nos vies soient tr\u00e9pidantes ou qu\u2019elles ressemblent \u00e0 de mornes \u00e9tendues, grises de tristesse et d\u2019ennui, <strong>nous le pouvons, nous le devons au Seigneur, et c\u2019est vital pour nous !<\/strong><\/p>\n\n\n\n<p><strong>Puisque c\u2019est l\u00e0 que nous vivons, c\u2019est l\u00e0 aussi que nous devons prier. <\/strong>La vie en ville sera toujours ce que nous en ferons, \u00e0 commencer par le plus simple : prier ! <strong>Comme une respiration<\/strong>, la pri\u00e8re peut vivre partout. Elle est partout vitale, dans tous les \u00ab temps morts \u00bb de la vie urbaine : les salles d\u2019attente, les files d\u2019attente, les transports en commun, les magasins, l\u2019arr\u00eat du bus : autant d\u2019occasions de nous tourner vers Dieu, de lui confier tous les soucis que nous portons.<\/p>\n\n\n\n<p><strong>La ville devient souvent le lieu du combat spirituel de notre temps, comme l\u2019\u00e9tait le d\u00e9sert pour les premiers chr\u00e9tiens<\/strong>. Au lieu de nous crisper contre ce qui nous g\u00eane, nous pouvons porter et offrir toutes ces contraintes dans notre pri\u00e8re. Les \u00e9glises de la ville nous accueillent toujours, quand nous voulons prier un moment, <strong>avant de repartir dans nos combats quotidiens. <\/strong>Pour moi, St Jean-Baptiste de Belleville, notre paroisse, est le lieu le meilleur pour une pause de pri\u00e8re, et quand je n\u2019ai pas le temps, je le prends, <strong>comme une respiration !<\/strong><\/p>\n\n\n\n<p class=\"has-text-align-right has-normal-font-size\"><strong><em>Marie<\/em><\/strong><\/p>\n","protected":false},"excerpt":{"rendered":"<p>A l\u2019approche des vacances scolaires, nous ressentons tous le besoin d\u2019une pause. M\u00eame si nous ne travaillons ni \u00e0 l\u2019\u00e9cole, ni pour elle, c\u2019est bien l\u2019\u00e9cole qui rythme la vie des actifs, des enfants et m\u00eame des retrait\u00e9s ! Nous en arrivons tous \u00e0 oublier nos propres besoins : de repos, d\u2019oxyg\u00e8ne, et\u2026 de l\u2019Essentiel [&hellip;]<\/p>\n","protected":false},"author":11,"featured_media":19450,"comment_status":"closed","ping_status":"closed","sticky":false,"template":"","format":"standard","meta":{"_jetpack_memberships_contains_paid_content":false,"footnotes":""},"categories":[58,7],"tags":[],"class_list":["post-19451","post","type-post","status-publish","format-standard","has-post-thumbnail","hentry","category-2025-2026","category-regard-de-l-autre"],"jetpack_featured_media_url":"https:\/\/sjbb.fr\/wp-content\/uploads\/2026\/04\/La-Priere-respiration.jpg","jetpack_sharing_enabled":true,"_links":{"self":[{"href":"https:\/\/sjbb.fr\/index.php\/wp-json\/wp\/v2\/posts\/19451","targetHints":{"allow":["GET"]}}],"collection":[{"href":"https:\/\/sjbb.fr\/index.php\/wp-json\/wp\/v2\/posts"}],"about":[{"href":"https:\/\/sjbb.fr\/index.php\/wp-json\/wp\/v2\/types\/post"}],"author":[{"embeddable":true,"href":"https:\/\/sjbb.fr\/index.php\/wp-json\/wp\/v2\/users\/11"}],"replies":[{"embeddable":true,"href":"https:\/\/sjbb.fr\/index.php\/wp-json\/wp\/v2\/comments?post=19451"}],"version-history":[{"count":1,"href":"https:\/\/sjbb.fr\/index.php\/wp-json\/wp\/v2\/posts\/19451\/revisions"}],"predecessor-version":[{"id":19452,"href":"https:\/\/sjbb.fr\/index.php\/wp-json\/wp\/v2\/posts\/19451\/revisions\/19452"}],"wp:featuredmedia":[{"embeddable":true,"href":"https:\/\/sjbb.fr\/index.php\/wp-json\/wp\/v2\/media\/19450"}],"wp:attachment":[{"href":"https:\/\/sjbb.fr\/index.php\/wp-json\/wp\/v2\/media?parent=19451"}],"wp:term":[{"taxonomy":"category","embeddable":true,"href":"https:\/\/sjbb.fr\/index.php\/wp-json\/wp\/v2\/categories?post=19451"},{"taxonomy":"post_tag","embeddable":true,"href":"https:\/\/sjbb.fr\/index.php\/wp-json\/wp\/v2\/tags?post=19451"}],"curies":[{"name":"wp","href":"https:\/\/api.w.org\/{rel}","templated":true}]}}