{"id":19582,"date":"2026-06-30T14:48:39","date_gmt":"2026-06-30T13:48:39","guid":{"rendered":"https:\/\/sjbb.fr\/?p=19582"},"modified":"2026-08-28T14:44:14","modified_gmt":"2026-08-28T13:44:14","slug":"venue-du-saint-pere-a-paris","status":"publish","type":"post","link":"https:\/\/sjbb.fr\/index.php\/2026\/06\/30\/venue-du-saint-pere-a-paris\/","title":{"rendered":"Venue du Saint P\u00e8re \u00e0 Paris"},"content":{"rendered":"\n<p class=\"wp-block-paragraph\" style=\"font-size:20px\">La paroisse se r\u00e9jouit de la venue du Saint P\u00e8re en France et \u00e0 Paris du 25 au 28 septembre<\/p>\n\n\n\n<p class=\"wp-block-paragraph\" style=\"font-size:20px\">Depuis ce jour nous savons o\u00f9 se d\u00e9rouleront les&nbsp;<strong>2 \u00e9v\u00e9nements majeurs de la visite parisienne&nbsp;<\/strong>:<\/p>\n\n\n\n<p class=\"wp-block-paragraph\" style=\"font-size:20px\">&#8211;&nbsp;<strong>Vendredi&nbsp;<\/strong><strong>25 septembre au soir : Veill\u00e9e des jeunes<\/strong>&nbsp;(18 \/ 35 ans sans doute)&nbsp;<strong>au Stade de France<\/strong><\/p>\n\n\n\n<p class=\"wp-block-paragraph\" style=\"font-size:20px\">&#8211;&nbsp;<strong>Samedi&nbsp;<\/strong><strong>26 septembre apr\u00e8s-midi<\/strong>&nbsp;:&nbsp;<strong>Messe sur les Champs Elys\u00e9es et la place de la Concorde pour tous les&nbsp;<\/strong><strong>\u00e2ges<\/strong><\/p>\n\n\n\n<p class=\"wp-block-paragraph\" style=\"font-size:20px\">La paroisse se mobilise pour vous faire vivre l\u2019\u00e9v\u00e9nement en \u00ab famille paroissiale \u00bb afin d&rsquo;y participer tous ensemble.<\/p>\n\n\n\n<p class=\"wp-block-paragraph\" style=\"font-size:20px\">En remplissant ce formulaire de pr\u00e9-inscription, nous vous tiendrons au courant de toutes les informations et de l&rsquo;organisation pour notre paroisse. Il sera aussi possible d&rsquo;int\u00e9grer le groupe constitu\u00e9 pour l&rsquo;un ou les 2 \u00e9v\u00e9nements!<\/p>\n\n\n\n<p class=\"wp-block-paragraph\" style=\"font-size:20px\">Participer avec la paroisse SJBB<\/p>\n\n\n\n<p class=\"wp-block-paragraph\" style=\"font-size:20px\">Pr\u00e9-inscription&nbsp;<\/p>\n\n\n\n<p class=\"wp-block-paragraph\" style=\"font-size:20px\">Par le QR-code<\/p>\n\n\n\n<p class=\"wp-block-paragraph\" style=\"font-size:20px\">et le lien : <a href=\"https:\/\/inscription.pape-france.fr\/paris-messe-concorde.html\">https:\/\/inscription.pape-france.fr\/paris-messe-concorde.html<\/a><\/p>\n","protected":false},"excerpt":{"rendered":"<p>La paroisse se r\u00e9jouit de la venue du Saint P\u00e8re en France et \u00e0 Paris du 25 au 28 septembre Depuis ce jour nous savons o\u00f9 se d\u00e9rouleront les&nbsp;2 \u00e9v\u00e9nements majeurs de la visite parisienne&nbsp;: &#8211;&nbsp;Vendredi&nbsp;25 septembre au soir : Veill\u00e9e des jeunes&nbsp;(18 \/ 35 ans sans doute)&nbsp;au Stade de France &#8211;&nbsp;Samedi&nbsp;26 septembre apr\u00e8s-midi&nbsp;:&nbsp;Messe sur [&hellip;]<\/p>\n","protected":false},"author":11,"featured_media":19584,"comment_status":"closed","ping_status":"closed","sticky":false,"template":"","format":"standard","meta":{"_jetpack_newsletter_access":"","_jetpack_dont_email_post_to_subs":false,"_jetpack_newsletter_tier_id":0,"_jetpack_memberships_contains_paywalled_content":false,"_jetpack_feature_clip_id":0,"_jetpack_memberships_contains_paid_content":false,"footnotes":"","jetpack_post_was_ever_published":false},"categories":[58,53,1],"tags":[],"class_list":["post-19582","post","type-post","status-publish","format-standard","has-post-thumbnail","hentry","category-2025-2026","category-evenements-2","category-non-classe"],"jetpack_sharing_enabled":true,"jetpack_featured_media_url":"https:\/\/sjbb.fr\/wp-content\/uploads\/2026\/06\/Venue-saint-pere.png","_links":{"self":[{"href":"https:\/\/sjbb.fr\/index.php\/wp-json\/wp\/v2\/posts\/19582","targetHints":{"allow":["GET"]}}],"collection":[{"href":"https:\/\/sjbb.fr\/index.php\/wp-json\/wp\/v2\/posts"}],"about":[{"href":"https:\/\/sjbb.fr\/index.php\/wp-json\/wp\/v2\/types\/post"}],"author":[{"embeddable":true,"href":"https:\/\/sjbb.fr\/index.php\/wp-json\/wp\/v2\/users\/11"}],"replies":[{"embeddable":true,"href":"https:\/\/sjbb.fr\/index.php\/wp-json\/wp\/v2\/comments?post=19582"}],"version-history":[{"count":2,"href":"https:\/\/sjbb.fr\/index.php\/wp-json\/wp\/v2\/posts\/19582\/revisions"}],"predecessor-version":[{"id":19630,"href":"https:\/\/sjbb.fr\/index.php\/wp-json\/wp\/v2\/posts\/19582\/revisions\/19630"}],"wp:featuredmedia":[{"embeddable":true,"href":"https:\/\/sjbb.fr\/index.php\/wp-json\/wp\/v2\/media\/19584"}],"wp:attachment":[{"href":"https:\/\/sjbb.fr\/index.php\/wp-json\/wp\/v2\/media?parent=19582"}],"wp:term":[{"taxonomy":"category","embeddable":true,"href":"https:\/\/sjbb.fr\/index.php\/wp-json\/wp\/v2\/categories?post=19582"},{"taxonomy":"post_tag","embeddable":true,"href":"https:\/\/sjbb.fr\/index.php\/wp-json\/wp\/v2\/tags?post=19582"}],"curies":[{"name":"wp","href":"https:\/\/api.w.org\/{rel}","templated":true}]}}