{"id":19657,"date":"2026-09-04T14:40:54","date_gmt":"2026-09-04T13:40:54","guid":{"rendered":"https:\/\/sjbb.fr\/?p=19657"},"modified":"2026-09-04T14:40:56","modified_gmt":"2026-09-04T13:40:56","slug":"un-chemin-pas-une-autoroute","status":"publish","type":"post","link":"https:\/\/sjbb.fr\/index.php\/2026\/09\/04\/un-chemin-pas-une-autoroute\/","title":{"rendered":"Un chemin, pas une autoroute"},"content":{"rendered":"\n<p class=\"wp-block-paragraph\">Tandis que la p\u00e9riode estivale approchait de sa fin \u2013 ce temps o\u00f9 beaucoup d\u2019entre nous vivons des d\u00e9placements de toutes sortes : balades \u00e0 pieds ou \u00e0 v\u00e9lo, TGV fuyant le long des rails, voitures en files sur l\u2019asphalte \u2013, j\u2019ai \u00e9t\u00e9 interpell\u00e9e par une chronique parue dans La Croix&nbsp; o\u00f9 l\u2019auteure, C\u00e9line Rohmer, th\u00e9ologienne et pasteure, \u00e9crivait : \u00ab <strong><em>\u2026<\/em><\/strong> <strong><em>je pr\u00e9f\u00e8re les chemins. Celui dont je me r\u00e9clame a eu l\u2019\u00e9trange id\u00e9e de dire : \u00ab Je suis le chemin.<\/em><\/strong> \u00bb <strong><em>Pas la route. Encore moins l\u2019autoroute. Un chemin oblige \u00e0 ralentir, \u00e0 marcher au pas de l\u2019autre, \u00e0 consentir au d\u00e9tour. C\u2019est en chemin qu\u2019on fait des rencontres.<\/em><\/strong> \u00bb<\/p>\n\n\n\n<p class=\"wp-block-paragraph\">Un chemin, en effet, on y avance \u00e0 son rythme. On a le droit d\u2019y faire des pauses quand on est fatigu\u00e9 ou d\u2019y courir soudain dans la h\u00e2te de d\u00e9couvrir un nouveau point de vue. Un chemin n\u2019est jamais rectiligne, ses m\u00e9andres sont sources de surprises. Un chemin est le contraire de la vitesse, il reste \u00e0 l\u2019\u00e9cart du bruit, de la foule, de la performance. Toutes choses qui nous guettent \u00e0 la reprise de nos activit\u00e9s habituelles : le bruit, la foule, la vitesse, et cette performance dont notre soci\u00e9t\u00e9 fait trop souvent une obligation. C\u2019\u00e9tait donc le bon moment pour que me soit rappel\u00e9e cette phrase de J\u00e9sus \u2013 quelque peu \u00e9nigmatique, reconnaissons-le : \u00ab <em>Je suis le chemin.<\/em> \u00bb Car, comment une personne peut-elle \u00eatre un chemin et inversement ? Qui d\u2019autre que Lui, J\u00e9sus, serait en droit de se d\u00e9finir ainsi : \u00ab <em>Je suis le chemin, la v\u00e9rit\u00e9, la vie<\/em> \u00bb ? Comme si ces trois mots, tout en se compl\u00e9tant, n\u2019en formaient qu\u2019un seul. Autrement dit, ce chemin offert est le vrai de la vie. En l\u2019empruntant, on ne se trompe ni de direction ni de destination. Il s\u2019inscrit dans la dur\u00e9e, dans le jour-apr\u00e8s-jour de nos existences. Il n\u2019est pas sans asp\u00e9rit\u00e9s, sans brouillards \u00e0 traverser, sans averses ni coups de vent \u2013 ou coups de soleil \u2013 \u00e0 essuyer. Mais il int\u00e8gre les n\u00e9cessaires moments de repos, les haltes du soir et les red\u00e9marrages parfois un peu rouill\u00e9s du matin. <strong>Et cette \u00e9poque de l\u2019ann\u00e9e, qu\u2019on appelle traditionnellement \u00ab<\/strong> <strong><em>la rentr\u00e9e<\/em><\/strong> <strong>\u00bb, est bien le moment de r\u00e9entendre que, comme J\u00e9sus le dit \u00e0 Thomas , pour aller l\u00e0 o\u00f9 Il va \u2013 et o\u00f9 Il veut nous conduire : vers le P\u00e8re \u2013, nous connaissons le chemin<\/strong><strong>.<\/strong><\/p>\n\n\n\n<p class=\"wp-block-paragraph\"><strong>\u00a0<\/strong>Un chemin qui s\u2019est inscrit dans la chair de notre humanit\u00e9. Un chemin au rythme de nos pas, au tempo de nos vies. Pas une autoroute \u00e0 130 au compteur. Un humble mais exaltant chemin de marcheurs.<\/p>\n\n\n\n<p class=\"has-text-align-right wp-block-paragraph\"><strong><em>Marie-H\u00e9l\u00e8ne D<\/em><\/strong><\/p>\n","protected":false},"excerpt":{"rendered":"<p>\u2026 je pr\u00e9f\u00e8re les chemins. Celui dont je me r\u00e9clame a eu l\u2019\u00e9trange id\u00e9e de dire : \u00ab Je suis le chemin. \u00bb Pas la route. Encore moins l\u2019autoroute. Un chemin oblige \u00e0 ralentir, \u00e0 marcher au pas de l\u2019autre, \u00e0 consentir au d\u00e9tour. C\u2019est en chemin qu\u2019on fait des rencontres.<\/p>\n","protected":false},"author":11,"featured_media":19658,"comment_status":"closed","ping_status":"closed","sticky":false,"template":"","format":"standard","meta":{"_jetpack_newsletter_access":"","_jetpack_dont_email_post_to_subs":false,"_jetpack_newsletter_tier_id":0,"_jetpack_memberships_contains_paywalled_content":false,"_jetpack_feature_clip_id":0,"_jetpack_memberships_contains_paid_content":false,"footnotes":"","jetpack_post_was_ever_published":false},"categories":[59,7],"tags":[],"class_list":["post-19657","post","type-post","status-publish","format-standard","has-post-thumbnail","hentry","category-2026-2027","category-regard-de-l-autre"],"jetpack_sharing_enabled":true,"jetpack_featured_media_url":"https:\/\/sjbb.fr\/wp-content\/uploads\/2026\/09\/un-chemin-pas-une-autoroute.jpg","_links":{"self":[{"href":"https:\/\/sjbb.fr\/index.php\/wp-json\/wp\/v2\/posts\/19657","targetHints":{"allow":["GET"]}}],"collection":[{"href":"https:\/\/sjbb.fr\/index.php\/wp-json\/wp\/v2\/posts"}],"about":[{"href":"https:\/\/sjbb.fr\/index.php\/wp-json\/wp\/v2\/types\/post"}],"author":[{"embeddable":true,"href":"https:\/\/sjbb.fr\/index.php\/wp-json\/wp\/v2\/users\/11"}],"replies":[{"embeddable":true,"href":"https:\/\/sjbb.fr\/index.php\/wp-json\/wp\/v2\/comments?post=19657"}],"version-history":[{"count":1,"href":"https:\/\/sjbb.fr\/index.php\/wp-json\/wp\/v2\/posts\/19657\/revisions"}],"predecessor-version":[{"id":19659,"href":"https:\/\/sjbb.fr\/index.php\/wp-json\/wp\/v2\/posts\/19657\/revisions\/19659"}],"wp:featuredmedia":[{"embeddable":true,"href":"https:\/\/sjbb.fr\/index.php\/wp-json\/wp\/v2\/media\/19658"}],"wp:attachment":[{"href":"https:\/\/sjbb.fr\/index.php\/wp-json\/wp\/v2\/media?parent=19657"}],"wp:term":[{"taxonomy":"category","embeddable":true,"href":"https:\/\/sjbb.fr\/index.php\/wp-json\/wp\/v2\/categories?post=19657"},{"taxonomy":"post_tag","embeddable":true,"href":"https:\/\/sjbb.fr\/index.php\/wp-json\/wp\/v2\/tags?post=19657"}],"curies":[{"name":"wp","href":"https:\/\/api.w.org\/{rel}","templated":true}]}}